{"id":646,"date":"2025-09-19T19:56:07","date_gmt":"2025-09-19T17:56:07","guid":{"rendered":"https:\/\/fundacjaklik.pl\/?p=646"},"modified":"2025-09-19T19:56:07","modified_gmt":"2025-09-19T17:56:07","slug":"spektakl-taneczny-introspekcja","status":"publish","type":"post","link":"https:\/\/fundacjaklik.pl\/index.php\/2025\/09\/19\/spektakl-taneczny-introspekcja\/","title":{"rendered":"Spektakl taneczny &#8220;Introspekcja&#8221;"},"content":{"rendered":"\n<p>Premiera spektaklu \u201eIntrospekcja\u201d<\/p>\n\n\n\n<p>Zapraszamy na kolejne wydarzenie kulturalne organizowane przez nas \u2013 tym razem w ca\u0142o\u015bci po\u015bwi\u0119cone ta\u0144cowi. Chcemy, by nasze spotkania by\u0142y okazj\u0105 do odkrywania sztuki w r\u00f3\u017cnych jej wymiarach, a \u201eIntrospekcja\u201d jest wyj\u0105tkow\u0105 propozycj\u0105 dla wszystkich, kt\u00f3rzy pragn\u0105 prze\u017cy\u0107 artystyczn\u0105 podr\u00f3\u017c w g\u0142\u0105b siebie.<\/p>\n\n\n\n<p>\ud83d\udcc5 <strong>3 pa\u017adziernika 2025 r. (pi\u0105tek)<\/strong><br>\ud83d\udd55 <strong>Godzina:<\/strong> 18:00<br>\ud83d\udccd <strong>Miejsce:<\/strong> Dom Kultury LSM, ul. Wallenroda 4a, Lublin<\/p>\n\n\n\n<h3 class=\"wp-block-heading\">O spektaklu<\/h3>\n\n\n\n<p>\u201eIntrospekcja\u201d to taneczna opowie\u015b\u0107 o wewn\u0119trznym dialogu. Dwie postaci \u2013 dwa g\u0142osy: wewn\u0119trzny i zewn\u0119trzny. Inspiracja i presja, lekko\u015b\u0107 i ci\u0119\u017car, zachwyt i zw\u0105tpienie.<br>Na scenie spotykaj\u0105 si\u0119 si\u0142y, kt\u00f3re kszta\u0142tuj\u0105 ka\u017cdego z nas \u2013 oczekiwania \u015bwiata i cichy szept w\u0142asnych ambicji.<\/p>\n\n\n\n<p>To opowie\u015b\u0107 o napi\u0119ciu, kt\u00f3re potrafi unie\u015b\u0107 lub przygnie\u015b\u0107, o drodze od pierwszej fascynacji przez kryzys a\u017c do odnalezienia r\u00f3wnowagi i w\u0142asnego g\u0142osu.<\/p>\n\n\n\n<p>\u201eIntrospekcja\u201d to taniec o nas wszystkich \u2013 o walce, kruchej sile i pragnieniu bycia prawdziwym.<\/p>\n\n\n\n<h3 class=\"wp-block-heading\">Tw\u00f3rcy i wykonawcy<\/h3>\n\n\n\n<p>\ud83c\udfac <strong>Re\u017cyseria i choreografia:<\/strong> Agnieszka Litman<br>\ud83d\udc83 <strong>Na scenie:<\/strong> Julia Boreta, Agnieszka Litman oraz tancerki Jazzymotion Studio<\/p>\n\n\n\n<h3 class=\"wp-block-heading\">Organizacja<\/h3>\n\n\n\n<p>\u2705 <strong>Wst\u0119p bezp\u0142atny<\/strong> \u2013 obowi\u0105zuj\u0105 wcze\u015bniejsze zapisy.<br>\ud83c\udf1f Spektakl jest otwarty dla wszystkich \u2013 niezale\u017cnie od wieku czy do\u015bwiadcze\u0144 z ta\u0144cem.<\/p>\n\n\n\n<p>Po przedstawieniu zapraszamy na spotkanie z artystkami, kt\u00f3re poprowadzi red. Agnieszka J\u00f3zwik.<\/p>\n\n\n\n<p>\u2139\ufe0f Wydarzenie dofinansowane ze \u015brodk\u00f3w Urz\u0119du Miasta Lublin w ramach programu <strong>Dzielnice Kultury<\/strong>.<\/p>\n","protected":false},"excerpt":{"rendered":"<p>Premiera spektaklu \u201eIntrospekcja\u201d Zapraszamy na kolejne wydarzenie kulturalne organizowane przez nas \u2013 tym razem w ca\u0142o\u015bci po\u015bwi\u0119cone ta\u0144cowi. Chcemy, by nasze spotkania by\u0142y okazj\u0105 do odkrywania sztuki w r\u00f3\u017cnych jej wymiarach, a \u201eIntrospekcja\u201d jest wyj\u0105tkow\u0105 propozycj\u0105 dla wszystkich, kt\u00f3rzy pragn\u0105 prze\u017cy\u0107 artystyczn\u0105 podr\u00f3\u017c w g\u0142\u0105b siebie. \ud83d\udcc5 3 pa\u017adziernika 2025 &hellip;<\/p>\n","protected":false},"author":1,"featured_media":647,"comment_status":"closed","ping_status":"closed","sticky":false,"template":"","format":"standard","meta":{"footnotes":""},"categories":[1],"tags":[],"class_list":["post-646","post","type-post","status-publish","format-standard","has-post-thumbnail","hentry","category-non-classe"],"yoast_head":"<!-- This site is optimized with the Yoast SEO plugin v25.5 - https:\/\/yoast.com\/wordpress\/plugins\/seo\/ -->\n<title>Spektakl taneczny &quot;Introspekcja&quot; - Fundacja KLIK<\/title>\n<meta name=\"description\" content=\"Spektakl taneczny w Lublinie &quot;Introspekcja&quot;. Premiera 3 pa\u017adziernika w DK LSM. Ruszy\u0142y zapisy na bezp\u0142atne wej\u015bci\u00f3wki.\" \/>\n<meta name=\"robots\" content=\"index, follow, max-snippet:-1, max-image-preview:large, max-video-preview:-1\" \/>\n<link rel=\"canonical\" href=\"https:\/\/fundacjaklik.pl\/index.php\/2025\/09\/19\/spektakl-taneczny-introspekcja\/\" \/>\n<meta property=\"og:locale\" content=\"pl_PL\" \/>\n<meta property=\"og:type\" content=\"article\" \/>\n<meta property=\"og:title\" content=\"Spektakl taneczny &quot;Introspekcja&quot; - Fundacja KLIK\" \/>\n<meta property=\"og:description\" content=\"Spektakl taneczny w Lublinie &quot;Introspekcja&quot;. Premiera 3 pa\u017adziernika w DK LSM. Ruszy\u0142y zapisy na bezp\u0142atne wej\u015bci\u00f3wki.\" \/>\n<meta property=\"og:url\" content=\"https:\/\/fundacjaklik.pl\/index.php\/2025\/09\/19\/spektakl-taneczny-introspekcja\/\" \/>\n<meta property=\"og:site_name\" content=\"Fundacja KLIK\" \/>\n<meta property=\"article:published_time\" content=\"2025-09-19T17:56:07+00:00\" \/>\n<meta property=\"og:image\" content=\"https:\/\/fundacjaklik.pl\/wp-content\/uploads\/2025\/09\/Introspekcja.png\" \/>\n\t<meta property=\"og:image:width\" content=\"1034\" \/>\n\t<meta property=\"og:image:height\" content=\"582\" \/>\n\t<meta property=\"og:image:type\" content=\"image\/png\" \/>\n<meta name=\"author\" content=\"admin7379\" \/>\n<meta name=\"twitter:card\" content=\"summary_large_image\" \/>\n<meta name=\"twitter:label1\" content=\"Napisane przez\" \/>\n\t<meta name=\"twitter:data1\" content=\"admin7379\" \/>\n\t<meta name=\"twitter:label2\" content=\"Szacowany czas czytania\" \/>\n\t<meta name=\"twitter:data2\" content=\"2 minuty\" \/>\n<script type=\"application\/ld+json\" class=\"yoast-schema-graph\">{\"@context\":\"https:\/\/schema.org\",\"@graph\":[{\"@type\":\"Article\",\"@id\":\"https:\/\/fundacjaklik.pl\/index.php\/2025\/09\/19\/spektakl-taneczny-introspekcja\/#article\",\"isPartOf\":{\"@id\":\"https:\/\/fundacjaklik.pl\/index.php\/2025\/09\/19\/spektakl-taneczny-introspekcja\/\"},\"author\":{\"name\":\"admin7379\",\"@id\":\"https:\/\/fundacjaklik.pl\/#\/schema\/person\/0bdb17db29f63d0dd2dacf8e6faee9a3\"},\"headline\":\"Spektakl taneczny &#8220;Introspekcja&#8221;\",\"datePublished\":\"2025-09-19T17:56:07+00:00\",\"mainEntityOfPage\":{\"@id\":\"https:\/\/fundacjaklik.pl\/index.php\/2025\/09\/19\/spektakl-taneczny-introspekcja\/\"},\"wordCount\":241,\"publisher\":{\"@id\":\"https:\/\/fundacjaklik.pl\/#organization\"},\"image\":{\"@id\":\"https:\/\/fundacjaklik.pl\/index.php\/2025\/09\/19\/spektakl-taneczny-introspekcja\/#primaryimage\"},\"thumbnailUrl\":\"https:\/\/fundacjaklik.pl\/wp-content\/uploads\/2025\/09\/Introspekcja.png\",\"articleSection\":[\"Non class\u00e9\"],\"inLanguage\":\"pl-PL\"},{\"@type\":\"WebPage\",\"@id\":\"https:\/\/fundacjaklik.pl\/index.php\/2025\/09\/19\/spektakl-taneczny-introspekcja\/\",\"url\":\"https:\/\/fundacjaklik.pl\/index.php\/2025\/09\/19\/spektakl-taneczny-introspekcja\/\",\"name\":\"Spektakl taneczny \\\"Introspekcja\\\" - Fundacja KLIK\",\"isPartOf\":{\"@id\":\"https:\/\/fundacjaklik.pl\/#website\"},\"primaryImageOfPage\":{\"@id\":\"https:\/\/fundacjaklik.pl\/index.php\/2025\/09\/19\/spektakl-taneczny-introspekcja\/#primaryimage\"},\"image\":{\"@id\":\"https:\/\/fundacjaklik.pl\/index.php\/2025\/09\/19\/spektakl-taneczny-introspekcja\/#primaryimage\"},\"thumbnailUrl\":\"https:\/\/fundacjaklik.pl\/wp-content\/uploads\/2025\/09\/Introspekcja.png\",\"datePublished\":\"2025-09-19T17:56:07+00:00\",\"description\":\"Spektakl taneczny w Lublinie \\\"Introspekcja\\\". Premiera 3 pa\u017adziernika w DK LSM. Ruszy\u0142y zapisy na bezp\u0142atne wej\u015bci\u00f3wki.\",\"breadcrumb\":{\"@id\":\"https:\/\/fundacjaklik.pl\/index.php\/2025\/09\/19\/spektakl-taneczny-introspekcja\/#breadcrumb\"},\"inLanguage\":\"pl-PL\",\"potentialAction\":[{\"@type\":\"ReadAction\",\"target\":[\"https:\/\/fundacjaklik.pl\/index.php\/2025\/09\/19\/spektakl-taneczny-introspekcja\/\"]}]},{\"@type\":\"ImageObject\",\"inLanguage\":\"pl-PL\",\"@id\":\"https:\/\/fundacjaklik.pl\/index.php\/2025\/09\/19\/spektakl-taneczny-introspekcja\/#primaryimage\",\"url\":\"https:\/\/fundacjaklik.pl\/wp-content\/uploads\/2025\/09\/Introspekcja.png\",\"contentUrl\":\"https:\/\/fundacjaklik.pl\/wp-content\/uploads\/2025\/09\/Introspekcja.png\",\"width\":1920,\"height\":1080},{\"@type\":\"BreadcrumbList\",\"@id\":\"https:\/\/fundacjaklik.pl\/index.php\/2025\/09\/19\/spektakl-taneczny-introspekcja\/#breadcrumb\",\"itemListElement\":[{\"@type\":\"ListItem\",\"position\":1,\"name\":\"Strona g\u0142\u00f3wna\",\"item\":\"https:\/\/fundacjaklik.pl\/\"},{\"@type\":\"ListItem\",\"position\":2,\"name\":\"Spektakl taneczny &#8220;Introspekcja&#8221;\"}]},{\"@type\":\"WebSite\",\"@id\":\"https:\/\/fundacjaklik.pl\/#website\",\"url\":\"https:\/\/fundacjaklik.pl\/\",\"name\":\"Fundacja KLIK\",\"description\":\"Fundacja KLIK tworzy przestrze\u0144 dla os\u00f3b chc\u0105cych rozwija\u0107 si\u0119 w r\u00f3\u017cnych dziedzinach kultury, dzia\u0142alno\u015bci artystycznej i edukacji.\",\"publisher\":{\"@id\":\"https:\/\/fundacjaklik.pl\/#organization\"},\"potentialAction\":[{\"@type\":\"SearchAction\",\"target\":{\"@type\":\"EntryPoint\",\"urlTemplate\":\"https:\/\/fundacjaklik.pl\/?s={search_term_string}\"},\"query-input\":{\"@type\":\"PropertyValueSpecification\",\"valueRequired\":true,\"valueName\":\"search_term_string\"}}],\"inLanguage\":\"pl-PL\"},{\"@type\":\"Organization\",\"@id\":\"https:\/\/fundacjaklik.pl\/#organization\",\"name\":\"Fundacja KLIK\",\"url\":\"https:\/\/fundacjaklik.pl\/\",\"logo\":{\"@type\":\"ImageObject\",\"inLanguage\":\"pl-PL\",\"@id\":\"https:\/\/fundacjaklik.pl\/#\/schema\/logo\/image\/\",\"url\":\"https:\/\/fundacjaklik.pl\/wp-content\/uploads\/2023\/10\/cropped-Projekt-bez-nazwy.png\",\"contentUrl\":\"https:\/\/fundacjaklik.pl\/wp-content\/uploads\/2023\/10\/cropped-Projekt-bez-nazwy.png\",\"width\":384,\"height\":264,\"caption\":\"Fundacja KLIK\"},\"image\":{\"@id\":\"https:\/\/fundacjaklik.pl\/#\/schema\/logo\/image\/\"}},{\"@type\":\"Person\",\"@id\":\"https:\/\/fundacjaklik.pl\/#\/schema\/person\/0bdb17db29f63d0dd2dacf8e6faee9a3\",\"name\":\"admin7379\",\"sameAs\":[\"http:\/\/fundacjaklik.pl\"],\"url\":\"https:\/\/fundacjaklik.pl\/index.php\/author\/admin7379\/\"}]}<\/script>\n<!-- \/ Yoast SEO plugin. -->","yoast_head_json":{"title":"Spektakl taneczny \"Introspekcja\" - Fundacja KLIK","description":"Spektakl taneczny w Lublinie \"Introspekcja\". Premiera 3 pa\u017adziernika w DK LSM. Ruszy\u0142y zapisy na bezp\u0142atne wej\u015bci\u00f3wki.","robots":{"index":"index","follow":"follow","max-snippet":"max-snippet:-1","max-image-preview":"max-image-preview:large","max-video-preview":"max-video-preview:-1"},"canonical":"https:\/\/fundacjaklik.pl\/index.php\/2025\/09\/19\/spektakl-taneczny-introspekcja\/","og_locale":"pl_PL","og_type":"article","og_title":"Spektakl taneczny \"Introspekcja\" - Fundacja KLIK","og_description":"Spektakl taneczny w Lublinie \"Introspekcja\". Premiera 3 pa\u017adziernika w DK LSM. Ruszy\u0142y zapisy na bezp\u0142atne wej\u015bci\u00f3wki.","og_url":"https:\/\/fundacjaklik.pl\/index.php\/2025\/09\/19\/spektakl-taneczny-introspekcja\/","og_site_name":"Fundacja KLIK","article_published_time":"2025-09-19T17:56:07+00:00","og_image":[{"url":"https:\/\/fundacjaklik.pl\/wp-content\/uploads\/2025\/09\/Introspekcja.png","width":1034,"height":582,"type":"image\/png"}],"author":"admin7379","twitter_card":"summary_large_image","twitter_misc":{"Napisane przez":"admin7379","Szacowany czas czytania":"2 minuty"},"schema":{"@context":"https:\/\/schema.org","@graph":[{"@type":"Article","@id":"https:\/\/fundacjaklik.pl\/index.php\/2025\/09\/19\/spektakl-taneczny-introspekcja\/#article","isPartOf":{"@id":"https:\/\/fundacjaklik.pl\/index.php\/2025\/09\/19\/spektakl-taneczny-introspekcja\/"},"author":{"name":"admin7379","@id":"https:\/\/fundacjaklik.pl\/#\/schema\/person\/0bdb17db29f63d0dd2dacf8e6faee9a3"},"headline":"Spektakl taneczny &#8220;Introspekcja&#8221;","datePublished":"2025-09-19T17:56:07+00:00","mainEntityOfPage":{"@id":"https:\/\/fundacjaklik.pl\/index.php\/2025\/09\/19\/spektakl-taneczny-introspekcja\/"},"wordCount":241,"publisher":{"@id":"https:\/\/fundacjaklik.pl\/#organization"},"image":{"@id":"https:\/\/fundacjaklik.pl\/index.php\/2025\/09\/19\/spektakl-taneczny-introspekcja\/#primaryimage"},"thumbnailUrl":"https:\/\/fundacjaklik.pl\/wp-content\/uploads\/2025\/09\/Introspekcja.png","articleSection":["Non class\u00e9"],"inLanguage":"pl-PL"},{"@type":"WebPage","@id":"https:\/\/fundacjaklik.pl\/index.php\/2025\/09\/19\/spektakl-taneczny-introspekcja\/","url":"https:\/\/fundacjaklik.pl\/index.php\/2025\/09\/19\/spektakl-taneczny-introspekcja\/","name":"Spektakl taneczny \"Introspekcja\" - Fundacja KLIK","isPartOf":{"@id":"https:\/\/fundacjaklik.pl\/#website"},"primaryImageOfPage":{"@id":"https:\/\/fundacjaklik.pl\/index.php\/2025\/09\/19\/spektakl-taneczny-introspekcja\/#primaryimage"},"image":{"@id":"https:\/\/fundacjaklik.pl\/index.php\/2025\/09\/19\/spektakl-taneczny-introspekcja\/#primaryimage"},"thumbnailUrl":"https:\/\/fundacjaklik.pl\/wp-content\/uploads\/2025\/09\/Introspekcja.png","datePublished":"2025-09-19T17:56:07+00:00","description":"Spektakl taneczny w Lublinie \"Introspekcja\". Premiera 3 pa\u017adziernika w DK LSM. Ruszy\u0142y zapisy na bezp\u0142atne wej\u015bci\u00f3wki.","breadcrumb":{"@id":"https:\/\/fundacjaklik.pl\/index.php\/2025\/09\/19\/spektakl-taneczny-introspekcja\/#breadcrumb"},"inLanguage":"pl-PL","potentialAction":[{"@type":"ReadAction","target":["https:\/\/fundacjaklik.pl\/index.php\/2025\/09\/19\/spektakl-taneczny-introspekcja\/"]}]},{"@type":"ImageObject","inLanguage":"pl-PL","@id":"https:\/\/fundacjaklik.pl\/index.php\/2025\/09\/19\/spektakl-taneczny-introspekcja\/#primaryimage","url":"https:\/\/fundacjaklik.pl\/wp-content\/uploads\/2025\/09\/Introspekcja.png","contentUrl":"https:\/\/fundacjaklik.pl\/wp-content\/uploads\/2025\/09\/Introspekcja.png","width":1920,"height":1080},{"@type":"BreadcrumbList","@id":"https:\/\/fundacjaklik.pl\/index.php\/2025\/09\/19\/spektakl-taneczny-introspekcja\/#breadcrumb","itemListElement":[{"@type":"ListItem","position":1,"name":"Strona g\u0142\u00f3wna","item":"https:\/\/fundacjaklik.pl\/"},{"@type":"ListItem","position":2,"name":"Spektakl taneczny &#8220;Introspekcja&#8221;"}]},{"@type":"WebSite","@id":"https:\/\/fundacjaklik.pl\/#website","url":"https:\/\/fundacjaklik.pl\/","name":"Fundacja KLIK","description":"Fundacja KLIK tworzy przestrze\u0144 dla os\u00f3b chc\u0105cych rozwija\u0107 si\u0119 w r\u00f3\u017cnych dziedzinach kultury, dzia\u0142alno\u015bci artystycznej i edukacji.","publisher":{"@id":"https:\/\/fundacjaklik.pl\/#organization"},"potentialAction":[{"@type":"SearchAction","target":{"@type":"EntryPoint","urlTemplate":"https:\/\/fundacjaklik.pl\/?s={search_term_string}"},"query-input":{"@type":"PropertyValueSpecification","valueRequired":true,"valueName":"search_term_string"}}],"inLanguage":"pl-PL"},{"@type":"Organization","@id":"https:\/\/fundacjaklik.pl\/#organization","name":"Fundacja KLIK","url":"https:\/\/fundacjaklik.pl\/","logo":{"@type":"ImageObject","inLanguage":"pl-PL","@id":"https:\/\/fundacjaklik.pl\/#\/schema\/logo\/image\/","url":"https:\/\/fundacjaklik.pl\/wp-content\/uploads\/2023\/10\/cropped-Projekt-bez-nazwy.png","contentUrl":"https:\/\/fundacjaklik.pl\/wp-content\/uploads\/2023\/10\/cropped-Projekt-bez-nazwy.png","width":384,"height":264,"caption":"Fundacja KLIK"},"image":{"@id":"https:\/\/fundacjaklik.pl\/#\/schema\/logo\/image\/"}},{"@type":"Person","@id":"https:\/\/fundacjaklik.pl\/#\/schema\/person\/0bdb17db29f63d0dd2dacf8e6faee9a3","name":"admin7379","sameAs":["http:\/\/fundacjaklik.pl"],"url":"https:\/\/fundacjaklik.pl\/index.php\/author\/admin7379\/"}]}},"_links":{"self":[{"href":"https:\/\/fundacjaklik.pl\/index.php\/wp-json\/wp\/v2\/posts\/646","targetHints":{"allow":["GET"]}}],"collection":[{"href":"https:\/\/fundacjaklik.pl\/index.php\/wp-json\/wp\/v2\/posts"}],"about":[{"href":"https:\/\/fundacjaklik.pl\/index.php\/wp-json\/wp\/v2\/types\/post"}],"author":[{"embeddable":true,"href":"https:\/\/fundacjaklik.pl\/index.php\/wp-json\/wp\/v2\/users\/1"}],"replies":[{"embeddable":true,"href":"https:\/\/fundacjaklik.pl\/index.php\/wp-json\/wp\/v2\/comments?post=646"}],"version-history":[{"count":1,"href":"https:\/\/fundacjaklik.pl\/index.php\/wp-json\/wp\/v2\/posts\/646\/revisions"}],"predecessor-version":[{"id":648,"href":"https:\/\/fundacjaklik.pl\/index.php\/wp-json\/wp\/v2\/posts\/646\/revisions\/648"}],"wp:featuredmedia":[{"embeddable":true,"href":"https:\/\/fundacjaklik.pl\/index.php\/wp-json\/wp\/v2\/media\/647"}],"wp:attachment":[{"href":"https:\/\/fundacjaklik.pl\/index.php\/wp-json\/wp\/v2\/media?parent=646"}],"wp:term":[{"taxonomy":"category","embeddable":true,"href":"https:\/\/fundacjaklik.pl\/index.php\/wp-json\/wp\/v2\/categories?post=646"},{"taxonomy":"post_tag","embeddable":true,"href":"https:\/\/fundacjaklik.pl\/index.php\/wp-json\/wp\/v2\/tags?post=646"}],"curies":[{"name":"wp","href":"https:\/\/api.w.org\/{rel}","templated":true}]}}