{"id":563,"date":"2025-05-05T11:31:00","date_gmt":"2025-05-05T09:31:00","guid":{"rendered":"https:\/\/fundacjaklik.pl\/?p=563"},"modified":"2025-07-24T14:33:34","modified_gmt":"2025-07-24T12:33:34","slug":"final-projektu-klik-w-dzielnice-czechow-polnocny-i-poludniowy","status":"publish","type":"post","link":"https:\/\/fundacjaklik.pl\/index.php\/2025\/05\/05\/final-projektu-klik-w-dzielnice-czechow-polnocny-i-poludniowy\/","title":{"rendered":"Fina\u0142 projektu &#8220;KLIK w Dzielnic\u0119 &#8211; Czech\u00f3w P\u00f3\u0142nocny i Po\u0142udniowy&#8221;"},"content":{"rendered":"\n<p>Zapraszamy na fina\u0142 2. edycji \u201cKLIK w dzielnice&#8221;, kt\u00f3ra w tym roku obj\u0119\u0142a Czech\u00f3w P\u00f3\u0142nocny i Czech\u00f3w Po\u0142udniowy.<\/p>\n\n\n\n<p>Wydarzenie poka\u017ce efekty warsztat\u00f3w fotografii <a><\/a>cyfrowej, wykonywanej telefonem oraz radiowych. Podczas fina\u0142u zaprezentujemy zdj\u0119cia naszych uczestnik\u00f3w oraz fragmenty materia\u0142\u00f3w d\u017awi\u0119kowych, kt\u00f3re przygotowali.<\/p>\n\n\n\n<p><img decoding=\"async\" height=\"16\" width=\"16\" alt=\"\ud83d\udccc\" src=\"https:\/\/static.xx.fbcdn.net\/images\/emoji.php\/v9\/tea\/3\/16\/1f4cc.png\"> Fina\u0142 &#8220;KLIK w dzielnice: Czech\u00f3w P\u00f3\u0142nocny i Czech\u00f3w Po\u0142udniowy&#8221; odb\u0119dzie si\u0119 w pi\u0105tek 23 maja o 17:00 w <a href=\"https:\/\/www.facebook.com\/ddksmczechow?__cft__[0]=AZXuMnvaPY-f5_3UA1SU3SAqvNQMzpZlEiLYWqAL1LfBqvlujOY41sZralzDn3fl9NFEtAEbybJrgPt1GnFCNb-FbyaDIiZ4KWe5XnAwK_wkcFL9hXw7iQ8-jtiVMY-HqNL_vcK2qrHND5ctP59SA6Z07shx-V_K_gLVCH8_tC02nQ&amp;__tn__=-]K-R\">Dzielnicowy Dom Kultury SM &#8220;Czech\u00f3w&#8221;<\/a> przy ul. Jana Kiepury 5A.<\/p>\n\n\n\n<p>Zapraszamy!<\/p>\n","protected":false},"excerpt":{"rendered":"<p>Zapraszamy na fina\u0142 2. edycji \u201cKLIK w dzielnice&#8221;, kt\u00f3ra w tym roku obj\u0119\u0142a Czech\u00f3w P\u00f3\u0142nocny i Czech\u00f3w Po\u0142udniowy. Wydarzenie poka\u017ce efekty warsztat\u00f3w fotografii cyfrowej, wykonywanej telefonem oraz radiowych. Podczas fina\u0142u zaprezentujemy zdj\u0119cia naszych uczestnik\u00f3w oraz fragmenty materia\u0142\u00f3w d\u017awi\u0119kowych, kt\u00f3re przygotowali. Fina\u0142 &#8220;KLIK w dzielnice: Czech\u00f3w P\u00f3\u0142nocny i Czech\u00f3w Po\u0142udniowy&#8221; odb\u0119dzie &hellip;<\/p>\n","protected":false},"author":1,"featured_media":564,"comment_status":"closed","ping_status":"closed","sticky":false,"template":"","format":"standard","meta":{"footnotes":""},"categories":[1],"tags":[],"class_list":["post-563","post","type-post","status-publish","format-standard","has-post-thumbnail","hentry","category-non-classe"],"yoast_head":"<!-- This site is optimized with the Yoast SEO plugin v25.5 - https:\/\/yoast.com\/wordpress\/plugins\/seo\/ -->\n<title>Fina\u0142 projektu &quot;KLIK w Dzielnic\u0119 - Czech\u00f3w P\u00f3\u0142nocny i Po\u0142udniowy&quot; - Fundacja KLIK<\/title>\n<meta name=\"robots\" content=\"index, follow, max-snippet:-1, max-image-preview:large, max-video-preview:-1\" \/>\n<link rel=\"canonical\" href=\"https:\/\/fundacjaklik.pl\/index.php\/2025\/05\/05\/final-projektu-klik-w-dzielnice-czechow-polnocny-i-poludniowy\/\" \/>\n<meta property=\"og:locale\" content=\"pl_PL\" \/>\n<meta property=\"og:type\" content=\"article\" \/>\n<meta property=\"og:title\" content=\"Fina\u0142 projektu &quot;KLIK w Dzielnic\u0119 - Czech\u00f3w P\u00f3\u0142nocny i Po\u0142udniowy&quot; - Fundacja KLIK\" \/>\n<meta property=\"og:description\" content=\"Zapraszamy na fina\u0142 2. edycji \u201cKLIK w dzielnice&#8221;, kt\u00f3ra w tym roku obj\u0119\u0142a Czech\u00f3w P\u00f3\u0142nocny i Czech\u00f3w Po\u0142udniowy. Wydarzenie poka\u017ce efekty warsztat\u00f3w fotografii cyfrowej, wykonywanej telefonem oraz radiowych. Podczas fina\u0142u zaprezentujemy zdj\u0119cia naszych uczestnik\u00f3w oraz fragmenty materia\u0142\u00f3w d\u017awi\u0119kowych, kt\u00f3re przygotowali. Fina\u0142 &#8220;KLIK w dzielnice: Czech\u00f3w P\u00f3\u0142nocny i Czech\u00f3w Po\u0142udniowy&#8221; odb\u0119dzie &hellip;\" \/>\n<meta property=\"og:url\" content=\"https:\/\/fundacjaklik.pl\/index.php\/2025\/05\/05\/final-projektu-klik-w-dzielnice-czechow-polnocny-i-poludniowy\/\" \/>\n<meta property=\"og:site_name\" content=\"Fundacja KLIK\" \/>\n<meta property=\"article:published_time\" content=\"2025-05-05T09:31:00+00:00\" \/>\n<meta property=\"article:modified_time\" content=\"2025-07-24T12:33:34+00:00\" \/>\n<meta property=\"og:image\" content=\"https:\/\/fundacjaklik.pl\/wp-content\/uploads\/2025\/07\/499152916_1097825062372264_4290800275770445343_n.jpg\" \/>\n\t<meta property=\"og:image:width\" content=\"1910\" \/>\n\t<meta property=\"og:image:height\" content=\"1074\" \/>\n\t<meta property=\"og:image:type\" content=\"image\/jpeg\" \/>\n<meta name=\"author\" content=\"admin7379\" \/>\n<meta name=\"twitter:card\" content=\"summary_large_image\" \/>\n<meta name=\"twitter:label1\" content=\"Napisane przez\" \/>\n\t<meta name=\"twitter:data1\" content=\"admin7379\" \/>\n\t<meta name=\"twitter:label2\" content=\"Szacowany czas czytania\" \/>\n\t<meta name=\"twitter:data2\" content=\"1 minuta\" \/>\n<script type=\"application\/ld+json\" class=\"yoast-schema-graph\">{\"@context\":\"https:\/\/schema.org\",\"@graph\":[{\"@type\":\"Article\",\"@id\":\"https:\/\/fundacjaklik.pl\/index.php\/2025\/05\/05\/final-projektu-klik-w-dzielnice-czechow-polnocny-i-poludniowy\/#article\",\"isPartOf\":{\"@id\":\"https:\/\/fundacjaklik.pl\/index.php\/2025\/05\/05\/final-projektu-klik-w-dzielnice-czechow-polnocny-i-poludniowy\/\"},\"author\":{\"name\":\"admin7379\",\"@id\":\"https:\/\/fundacjaklik.pl\/#\/schema\/person\/0bdb17db29f63d0dd2dacf8e6faee9a3\"},\"headline\":\"Fina\u0142 projektu &#8220;KLIK w Dzielnic\u0119 &#8211; Czech\u00f3w P\u00f3\u0142nocny i Po\u0142udniowy&#8221;\",\"datePublished\":\"2025-05-05T09:31:00+00:00\",\"dateModified\":\"2025-07-24T12:33:34+00:00\",\"mainEntityOfPage\":{\"@id\":\"https:\/\/fundacjaklik.pl\/index.php\/2025\/05\/05\/final-projektu-klik-w-dzielnice-czechow-polnocny-i-poludniowy\/\"},\"wordCount\":101,\"publisher\":{\"@id\":\"https:\/\/fundacjaklik.pl\/#organization\"},\"image\":{\"@id\":\"https:\/\/fundacjaklik.pl\/index.php\/2025\/05\/05\/final-projektu-klik-w-dzielnice-czechow-polnocny-i-poludniowy\/#primaryimage\"},\"thumbnailUrl\":\"https:\/\/fundacjaklik.pl\/wp-content\/uploads\/2025\/07\/499152916_1097825062372264_4290800275770445343_n.jpg\",\"articleSection\":[\"Non class\u00e9\"],\"inLanguage\":\"pl-PL\"},{\"@type\":\"WebPage\",\"@id\":\"https:\/\/fundacjaklik.pl\/index.php\/2025\/05\/05\/final-projektu-klik-w-dzielnice-czechow-polnocny-i-poludniowy\/\",\"url\":\"https:\/\/fundacjaklik.pl\/index.php\/2025\/05\/05\/final-projektu-klik-w-dzielnice-czechow-polnocny-i-poludniowy\/\",\"name\":\"Fina\u0142 projektu \\\"KLIK w Dzielnic\u0119 - Czech\u00f3w P\u00f3\u0142nocny i Po\u0142udniowy\\\" - Fundacja KLIK\",\"isPartOf\":{\"@id\":\"https:\/\/fundacjaklik.pl\/#website\"},\"primaryImageOfPage\":{\"@id\":\"https:\/\/fundacjaklik.pl\/index.php\/2025\/05\/05\/final-projektu-klik-w-dzielnice-czechow-polnocny-i-poludniowy\/#primaryimage\"},\"image\":{\"@id\":\"https:\/\/fundacjaklik.pl\/index.php\/2025\/05\/05\/final-projektu-klik-w-dzielnice-czechow-polnocny-i-poludniowy\/#primaryimage\"},\"thumbnailUrl\":\"https:\/\/fundacjaklik.pl\/wp-content\/uploads\/2025\/07\/499152916_1097825062372264_4290800275770445343_n.jpg\",\"datePublished\":\"2025-05-05T09:31:00+00:00\",\"dateModified\":\"2025-07-24T12:33:34+00:00\",\"breadcrumb\":{\"@id\":\"https:\/\/fundacjaklik.pl\/index.php\/2025\/05\/05\/final-projektu-klik-w-dzielnice-czechow-polnocny-i-poludniowy\/#breadcrumb\"},\"inLanguage\":\"pl-PL\",\"potentialAction\":[{\"@type\":\"ReadAction\",\"target\":[\"https:\/\/fundacjaklik.pl\/index.php\/2025\/05\/05\/final-projektu-klik-w-dzielnice-czechow-polnocny-i-poludniowy\/\"]}]},{\"@type\":\"ImageObject\",\"inLanguage\":\"pl-PL\",\"@id\":\"https:\/\/fundacjaklik.pl\/index.php\/2025\/05\/05\/final-projektu-klik-w-dzielnice-czechow-polnocny-i-poludniowy\/#primaryimage\",\"url\":\"https:\/\/fundacjaklik.pl\/wp-content\/uploads\/2025\/07\/499152916_1097825062372264_4290800275770445343_n.jpg\",\"contentUrl\":\"https:\/\/fundacjaklik.pl\/wp-content\/uploads\/2025\/07\/499152916_1097825062372264_4290800275770445343_n.jpg\",\"width\":1910,\"height\":1074},{\"@type\":\"BreadcrumbList\",\"@id\":\"https:\/\/fundacjaklik.pl\/index.php\/2025\/05\/05\/final-projektu-klik-w-dzielnice-czechow-polnocny-i-poludniowy\/#breadcrumb\",\"itemListElement\":[{\"@type\":\"ListItem\",\"position\":1,\"name\":\"Strona g\u0142\u00f3wna\",\"item\":\"https:\/\/fundacjaklik.pl\/\"},{\"@type\":\"ListItem\",\"position\":2,\"name\":\"Fina\u0142 projektu &#8220;KLIK w Dzielnic\u0119 &#8211; Czech\u00f3w P\u00f3\u0142nocny i Po\u0142udniowy&#8221;\"}]},{\"@type\":\"WebSite\",\"@id\":\"https:\/\/fundacjaklik.pl\/#website\",\"url\":\"https:\/\/fundacjaklik.pl\/\",\"name\":\"Fundacja KLIK\",\"description\":\"Fundacja KLIK tworzy przestrze\u0144 dla os\u00f3b chc\u0105cych rozwija\u0107 si\u0119 w r\u00f3\u017cnych dziedzinach kultury, dzia\u0142alno\u015bci artystycznej i edukacji.\",\"publisher\":{\"@id\":\"https:\/\/fundacjaklik.pl\/#organization\"},\"potentialAction\":[{\"@type\":\"SearchAction\",\"target\":{\"@type\":\"EntryPoint\",\"urlTemplate\":\"https:\/\/fundacjaklik.pl\/?s={search_term_string}\"},\"query-input\":{\"@type\":\"PropertyValueSpecification\",\"valueRequired\":true,\"valueName\":\"search_term_string\"}}],\"inLanguage\":\"pl-PL\"},{\"@type\":\"Organization\",\"@id\":\"https:\/\/fundacjaklik.pl\/#organization\",\"name\":\"Fundacja KLIK\",\"url\":\"https:\/\/fundacjaklik.pl\/\",\"logo\":{\"@type\":\"ImageObject\",\"inLanguage\":\"pl-PL\",\"@id\":\"https:\/\/fundacjaklik.pl\/#\/schema\/logo\/image\/\",\"url\":\"https:\/\/fundacjaklik.pl\/wp-content\/uploads\/2023\/10\/cropped-Projekt-bez-nazwy.png\",\"contentUrl\":\"https:\/\/fundacjaklik.pl\/wp-content\/uploads\/2023\/10\/cropped-Projekt-bez-nazwy.png\",\"width\":384,\"height\":264,\"caption\":\"Fundacja KLIK\"},\"image\":{\"@id\":\"https:\/\/fundacjaklik.pl\/#\/schema\/logo\/image\/\"}},{\"@type\":\"Person\",\"@id\":\"https:\/\/fundacjaklik.pl\/#\/schema\/person\/0bdb17db29f63d0dd2dacf8e6faee9a3\",\"name\":\"admin7379\",\"sameAs\":[\"http:\/\/fundacjaklik.pl\"],\"url\":\"https:\/\/fundacjaklik.pl\/index.php\/author\/admin7379\/\"}]}<\/script>\n<!-- \/ Yoast SEO plugin. -->","yoast_head_json":{"title":"Fina\u0142 projektu \"KLIK w Dzielnic\u0119 - Czech\u00f3w P\u00f3\u0142nocny i Po\u0142udniowy\" - Fundacja KLIK","robots":{"index":"index","follow":"follow","max-snippet":"max-snippet:-1","max-image-preview":"max-image-preview:large","max-video-preview":"max-video-preview:-1"},"canonical":"https:\/\/fundacjaklik.pl\/index.php\/2025\/05\/05\/final-projektu-klik-w-dzielnice-czechow-polnocny-i-poludniowy\/","og_locale":"pl_PL","og_type":"article","og_title":"Fina\u0142 projektu \"KLIK w Dzielnic\u0119 - Czech\u00f3w P\u00f3\u0142nocny i Po\u0142udniowy\" - Fundacja KLIK","og_description":"Zapraszamy na fina\u0142 2. edycji \u201cKLIK w dzielnice&#8221;, kt\u00f3ra w tym roku obj\u0119\u0142a Czech\u00f3w P\u00f3\u0142nocny i Czech\u00f3w Po\u0142udniowy. Wydarzenie poka\u017ce efekty warsztat\u00f3w fotografii cyfrowej, wykonywanej telefonem oraz radiowych. Podczas fina\u0142u zaprezentujemy zdj\u0119cia naszych uczestnik\u00f3w oraz fragmenty materia\u0142\u00f3w d\u017awi\u0119kowych, kt\u00f3re przygotowali. Fina\u0142 &#8220;KLIK w dzielnice: Czech\u00f3w P\u00f3\u0142nocny i Czech\u00f3w Po\u0142udniowy&#8221; odb\u0119dzie &hellip;","og_url":"https:\/\/fundacjaklik.pl\/index.php\/2025\/05\/05\/final-projektu-klik-w-dzielnice-czechow-polnocny-i-poludniowy\/","og_site_name":"Fundacja KLIK","article_published_time":"2025-05-05T09:31:00+00:00","article_modified_time":"2025-07-24T12:33:34+00:00","og_image":[{"width":1910,"height":1074,"url":"https:\/\/fundacjaklik.pl\/wp-content\/uploads\/2025\/07\/499152916_1097825062372264_4290800275770445343_n.jpg","type":"image\/jpeg"}],"author":"admin7379","twitter_card":"summary_large_image","twitter_misc":{"Napisane przez":"admin7379","Szacowany czas czytania":"1 minuta"},"schema":{"@context":"https:\/\/schema.org","@graph":[{"@type":"Article","@id":"https:\/\/fundacjaklik.pl\/index.php\/2025\/05\/05\/final-projektu-klik-w-dzielnice-czechow-polnocny-i-poludniowy\/#article","isPartOf":{"@id":"https:\/\/fundacjaklik.pl\/index.php\/2025\/05\/05\/final-projektu-klik-w-dzielnice-czechow-polnocny-i-poludniowy\/"},"author":{"name":"admin7379","@id":"https:\/\/fundacjaklik.pl\/#\/schema\/person\/0bdb17db29f63d0dd2dacf8e6faee9a3"},"headline":"Fina\u0142 projektu &#8220;KLIK w Dzielnic\u0119 &#8211; Czech\u00f3w P\u00f3\u0142nocny i Po\u0142udniowy&#8221;","datePublished":"2025-05-05T09:31:00+00:00","dateModified":"2025-07-24T12:33:34+00:00","mainEntityOfPage":{"@id":"https:\/\/fundacjaklik.pl\/index.php\/2025\/05\/05\/final-projektu-klik-w-dzielnice-czechow-polnocny-i-poludniowy\/"},"wordCount":101,"publisher":{"@id":"https:\/\/fundacjaklik.pl\/#organization"},"image":{"@id":"https:\/\/fundacjaklik.pl\/index.php\/2025\/05\/05\/final-projektu-klik-w-dzielnice-czechow-polnocny-i-poludniowy\/#primaryimage"},"thumbnailUrl":"https:\/\/fundacjaklik.pl\/wp-content\/uploads\/2025\/07\/499152916_1097825062372264_4290800275770445343_n.jpg","articleSection":["Non class\u00e9"],"inLanguage":"pl-PL"},{"@type":"WebPage","@id":"https:\/\/fundacjaklik.pl\/index.php\/2025\/05\/05\/final-projektu-klik-w-dzielnice-czechow-polnocny-i-poludniowy\/","url":"https:\/\/fundacjaklik.pl\/index.php\/2025\/05\/05\/final-projektu-klik-w-dzielnice-czechow-polnocny-i-poludniowy\/","name":"Fina\u0142 projektu \"KLIK w Dzielnic\u0119 - Czech\u00f3w P\u00f3\u0142nocny i Po\u0142udniowy\" - Fundacja KLIK","isPartOf":{"@id":"https:\/\/fundacjaklik.pl\/#website"},"primaryImageOfPage":{"@id":"https:\/\/fundacjaklik.pl\/index.php\/2025\/05\/05\/final-projektu-klik-w-dzielnice-czechow-polnocny-i-poludniowy\/#primaryimage"},"image":{"@id":"https:\/\/fundacjaklik.pl\/index.php\/2025\/05\/05\/final-projektu-klik-w-dzielnice-czechow-polnocny-i-poludniowy\/#primaryimage"},"thumbnailUrl":"https:\/\/fundacjaklik.pl\/wp-content\/uploads\/2025\/07\/499152916_1097825062372264_4290800275770445343_n.jpg","datePublished":"2025-05-05T09:31:00+00:00","dateModified":"2025-07-24T12:33:34+00:00","breadcrumb":{"@id":"https:\/\/fundacjaklik.pl\/index.php\/2025\/05\/05\/final-projektu-klik-w-dzielnice-czechow-polnocny-i-poludniowy\/#breadcrumb"},"inLanguage":"pl-PL","potentialAction":[{"@type":"ReadAction","target":["https:\/\/fundacjaklik.pl\/index.php\/2025\/05\/05\/final-projektu-klik-w-dzielnice-czechow-polnocny-i-poludniowy\/"]}]},{"@type":"ImageObject","inLanguage":"pl-PL","@id":"https:\/\/fundacjaklik.pl\/index.php\/2025\/05\/05\/final-projektu-klik-w-dzielnice-czechow-polnocny-i-poludniowy\/#primaryimage","url":"https:\/\/fundacjaklik.pl\/wp-content\/uploads\/2025\/07\/499152916_1097825062372264_4290800275770445343_n.jpg","contentUrl":"https:\/\/fundacjaklik.pl\/wp-content\/uploads\/2025\/07\/499152916_1097825062372264_4290800275770445343_n.jpg","width":1910,"height":1074},{"@type":"BreadcrumbList","@id":"https:\/\/fundacjaklik.pl\/index.php\/2025\/05\/05\/final-projektu-klik-w-dzielnice-czechow-polnocny-i-poludniowy\/#breadcrumb","itemListElement":[{"@type":"ListItem","position":1,"name":"Strona g\u0142\u00f3wna","item":"https:\/\/fundacjaklik.pl\/"},{"@type":"ListItem","position":2,"name":"Fina\u0142 projektu &#8220;KLIK w Dzielnic\u0119 &#8211; Czech\u00f3w P\u00f3\u0142nocny i Po\u0142udniowy&#8221;"}]},{"@type":"WebSite","@id":"https:\/\/fundacjaklik.pl\/#website","url":"https:\/\/fundacjaklik.pl\/","name":"Fundacja KLIK","description":"Fundacja KLIK tworzy przestrze\u0144 dla os\u00f3b chc\u0105cych rozwija\u0107 si\u0119 w r\u00f3\u017cnych dziedzinach kultury, dzia\u0142alno\u015bci artystycznej i edukacji.","publisher":{"@id":"https:\/\/fundacjaklik.pl\/#organization"},"potentialAction":[{"@type":"SearchAction","target":{"@type":"EntryPoint","urlTemplate":"https:\/\/fundacjaklik.pl\/?s={search_term_string}"},"query-input":{"@type":"PropertyValueSpecification","valueRequired":true,"valueName":"search_term_string"}}],"inLanguage":"pl-PL"},{"@type":"Organization","@id":"https:\/\/fundacjaklik.pl\/#organization","name":"Fundacja KLIK","url":"https:\/\/fundacjaklik.pl\/","logo":{"@type":"ImageObject","inLanguage":"pl-PL","@id":"https:\/\/fundacjaklik.pl\/#\/schema\/logo\/image\/","url":"https:\/\/fundacjaklik.pl\/wp-content\/uploads\/2023\/10\/cropped-Projekt-bez-nazwy.png","contentUrl":"https:\/\/fundacjaklik.pl\/wp-content\/uploads\/2023\/10\/cropped-Projekt-bez-nazwy.png","width":384,"height":264,"caption":"Fundacja KLIK"},"image":{"@id":"https:\/\/fundacjaklik.pl\/#\/schema\/logo\/image\/"}},{"@type":"Person","@id":"https:\/\/fundacjaklik.pl\/#\/schema\/person\/0bdb17db29f63d0dd2dacf8e6faee9a3","name":"admin7379","sameAs":["http:\/\/fundacjaklik.pl"],"url":"https:\/\/fundacjaklik.pl\/index.php\/author\/admin7379\/"}]}},"_links":{"self":[{"href":"https:\/\/fundacjaklik.pl\/index.php\/wp-json\/wp\/v2\/posts\/563","targetHints":{"allow":["GET"]}}],"collection":[{"href":"https:\/\/fundacjaklik.pl\/index.php\/wp-json\/wp\/v2\/posts"}],"about":[{"href":"https:\/\/fundacjaklik.pl\/index.php\/wp-json\/wp\/v2\/types\/post"}],"author":[{"embeddable":true,"href":"https:\/\/fundacjaklik.pl\/index.php\/wp-json\/wp\/v2\/users\/1"}],"replies":[{"embeddable":true,"href":"https:\/\/fundacjaklik.pl\/index.php\/wp-json\/wp\/v2\/comments?post=563"}],"version-history":[{"count":1,"href":"https:\/\/fundacjaklik.pl\/index.php\/wp-json\/wp\/v2\/posts\/563\/revisions"}],"predecessor-version":[{"id":565,"href":"https:\/\/fundacjaklik.pl\/index.php\/wp-json\/wp\/v2\/posts\/563\/revisions\/565"}],"wp:featuredmedia":[{"embeddable":true,"href":"https:\/\/fundacjaklik.pl\/index.php\/wp-json\/wp\/v2\/media\/564"}],"wp:attachment":[{"href":"https:\/\/fundacjaklik.pl\/index.php\/wp-json\/wp\/v2\/media?parent=563"}],"wp:term":[{"taxonomy":"category","embeddable":true,"href":"https:\/\/fundacjaklik.pl\/index.php\/wp-json\/wp\/v2\/categories?post=563"},{"taxonomy":"post_tag","embeddable":true,"href":"https:\/\/fundacjaklik.pl\/index.php\/wp-json\/wp\/v2\/tags?post=563"}],"curies":[{"name":"wp","href":"https:\/\/api.w.org\/{rel}","templated":true}]}}