{"id":560,"date":"2025-07-10T14:26:00","date_gmt":"2025-07-10T12:26:00","guid":{"rendered":"https:\/\/fundacjaklik.pl\/?p=560"},"modified":"2025-07-24T14:28:57","modified_gmt":"2025-07-24T12:28:57","slug":"wernisaz-wystawy-klik-w-dzielnice-czechow-polnocny-i-poludniowy-w-fundacji-artsystem","status":"publish","type":"post","link":"https:\/\/fundacjaklik.pl\/index.php\/2025\/07\/10\/wernisaz-wystawy-klik-w-dzielnice-czechow-polnocny-i-poludniowy-w-fundacji-artsystem\/","title":{"rendered":"Wernisa\u017c wystawy &#8220;KLIK w Dzielnice &#8211; Czech\u00f3w P\u00f3\u0142nocny i Po\u0142udniowy&#8221; w Fundacji ArtSystem"},"content":{"rendered":"\n<p>Serdecznie zapraszamy na otwarcie wyj\u0105tkowej wystawy fotografii powsta\u0142ych w ramach drugiej edycji projektu \u201eKLIK w dzielnice\u201d, realizowanego przez Fundacj\u0119 KLIK w ramach programu \u201eDzielnice Kultury\u201d.<\/p>\n\n\n\n<p>To zapis lokalnych historii uchwyconych przez uczestnik\u00f3w warsztat\u00f3w fotograficznych prowadzonych przez Daniela Drobika \u2013 opowie\u015b\u0107 o codzienno\u015bci mieszka\u0144c\u00f3w Lublina widzianej z bliska, z uwa\u017cno\u015bci\u0105 i empati\u0105. Zobaczycie detale osiedlowej architektury, sceny z \u017cycia dzielnic, miejsca, kt\u00f3re cz\u0119sto mijamy, nie zwracaj\u0105c na nie uwagi. Ka\u017cde zdj\u0119cie to osobista refleksja i pr\u00f3ba uchwycenia tego, co ulotne.<\/p>\n\n\n\n<p><img decoding=\"async\" height=\"16\" width=\"16\" alt=\"\ud83d\udccd\" src=\"https:\/\/static.xx.fbcdn.net\/images\/emoji.php\/v9\/t6b\/3\/16\/1f4cd.png\">&nbsp;Gdzie?<br>Fundacja ArtSystem \u2013 Przestrze\u0144 Rozwoju Pasji, ul. G\u00f3rska 3<br><img decoding=\"async\" height=\"16\" width=\"16\" alt=\"\ud83d\uddd3\" src=\"https:\/\/static.xx.fbcdn.net\/images\/emoji.php\/v9\/t9a\/3\/16\/1f5d3.png\">&nbsp;Kiedy?<br>Wernisa\u017c: 24 lipca 2025 (czwartek), godz. 18:00<br><img decoding=\"async\" height=\"16\" width=\"16\" alt=\"\ud83d\udcc5\" src=\"https:\/\/static.xx.fbcdn.net\/images\/emoji.php\/v9\/tbc\/3\/16\/1f4c5.png\">&nbsp;Wystawa czynna do ko\u0144ca sierpnia<br><img loading=\"lazy\" decoding=\"async\" height=\"16\" width=\"16\" alt=\"\u23f0\" src=\"https:\/\/static.xx.fbcdn.net\/images\/emoji.php\/v9\/t36\/3\/16\/23f0.png\">&nbsp;od poniedzia\u0142ku do pi\u0105tku w godz. 11:00\u201316:00(z wy\u0142\u0105czeniem godzin, w kt\u00f3rych odbywaj\u0105 si\u0119 zaplanowane zaj\u0119cia w tej przestrzeni)<\/p>\n\n\n\n<p><img loading=\"lazy\" decoding=\"async\" height=\"16\" width=\"16\" alt=\"\ud83c\udf9f\" src=\"https:\/\/static.xx.fbcdn.net\/images\/emoji.php\/v9\/t16\/3\/16\/1f39f.png\">&nbsp;Wst\u0119p wolny!<\/p>\n\n\n\n<p><img loading=\"lazy\" decoding=\"async\" height=\"16\" width=\"16\" alt=\"\ud83d\udc41\u200d\ud83d\udde8\" src=\"https:\/\/static.xx.fbcdn.net\/images\/emoji.php\/v9\/tf4\/3\/16\/1f441_200d_1f5e8.png\">&nbsp;Autorzy zdj\u0119\u0107:Angelika Karasek, Klaudia Kocy\u0142a, Ruslan Kulakevych, Przemys\u0142aw Mr\u00f3z, Monika Piech, El\u017cbieta Rusinek-Prystupa<\/p>\n","protected":false},"excerpt":{"rendered":"<p>Serdecznie zapraszamy na otwarcie wyj\u0105tkowej wystawy fotografii powsta\u0142ych w ramach drugiej edycji projektu \u201eKLIK w dzielnice\u201d, realizowanego przez Fundacj\u0119 KLIK w ramach programu \u201eDzielnice Kultury\u201d. To zapis lokalnych historii uchwyconych przez uczestnik\u00f3w warsztat\u00f3w fotograficznych prowadzonych przez Daniela Drobika \u2013 opowie\u015b\u0107 o codzienno\u015bci mieszka\u0144c\u00f3w Lublina widzianej z bliska, z uwa\u017cno\u015bci\u0105 i &hellip;<\/p>\n","protected":false},"author":1,"featured_media":561,"comment_status":"closed","ping_status":"closed","sticky":false,"template":"","format":"standard","meta":{"footnotes":""},"categories":[1],"tags":[],"class_list":["post-560","post","type-post","status-publish","format-standard","has-post-thumbnail","hentry","category-non-classe"],"yoast_head":"<!-- This site is optimized with the Yoast SEO plugin v25.5 - https:\/\/yoast.com\/wordpress\/plugins\/seo\/ -->\n<title>Wernisa\u017c wystawy &quot;KLIK w Dzielnice - Czech\u00f3w P\u00f3\u0142nocny i Po\u0142udniowy&quot; w Fundacji ArtSystem - Fundacja KLIK<\/title>\n<meta name=\"robots\" content=\"index, follow, max-snippet:-1, max-image-preview:large, max-video-preview:-1\" \/>\n<link rel=\"canonical\" href=\"https:\/\/fundacjaklik.pl\/index.php\/2025\/07\/10\/wernisaz-wystawy-klik-w-dzielnice-czechow-polnocny-i-poludniowy-w-fundacji-artsystem\/\" \/>\n<meta property=\"og:locale\" content=\"pl_PL\" \/>\n<meta property=\"og:type\" content=\"article\" \/>\n<meta property=\"og:title\" content=\"Wernisa\u017c wystawy &quot;KLIK w Dzielnice - Czech\u00f3w P\u00f3\u0142nocny i Po\u0142udniowy&quot; w Fundacji ArtSystem - Fundacja KLIK\" \/>\n<meta property=\"og:description\" content=\"Serdecznie zapraszamy na otwarcie wyj\u0105tkowej wystawy fotografii powsta\u0142ych w ramach drugiej edycji projektu \u201eKLIK w dzielnice\u201d, realizowanego przez Fundacj\u0119 KLIK w ramach programu \u201eDzielnice Kultury\u201d. To zapis lokalnych historii uchwyconych przez uczestnik\u00f3w warsztat\u00f3w fotograficznych prowadzonych przez Daniela Drobika \u2013 opowie\u015b\u0107 o codzienno\u015bci mieszka\u0144c\u00f3w Lublina widzianej z bliska, z uwa\u017cno\u015bci\u0105 i &hellip;\" \/>\n<meta property=\"og:url\" content=\"https:\/\/fundacjaklik.pl\/index.php\/2025\/07\/10\/wernisaz-wystawy-klik-w-dzielnice-czechow-polnocny-i-poludniowy-w-fundacji-artsystem\/\" \/>\n<meta property=\"og:site_name\" content=\"Fundacja KLIK\" \/>\n<meta property=\"article:published_time\" content=\"2025-07-10T12:26:00+00:00\" \/>\n<meta property=\"article:modified_time\" content=\"2025-07-24T12:28:57+00:00\" \/>\n<meta property=\"og:image\" content=\"https:\/\/fundacjaklik.pl\/wp-content\/uploads\/2025\/07\/518285722_721078917331709_616554084318599834_n.jpg\" \/>\n\t<meta property=\"og:image:width\" content=\"2048\" \/>\n\t<meta property=\"og:image:height\" content=\"1072\" \/>\n\t<meta property=\"og:image:type\" content=\"image\/jpeg\" \/>\n<meta name=\"author\" content=\"admin7379\" \/>\n<meta name=\"twitter:card\" content=\"summary_large_image\" \/>\n<meta name=\"twitter:label1\" content=\"Napisane przez\" \/>\n\t<meta name=\"twitter:data1\" content=\"admin7379\" \/>\n\t<meta name=\"twitter:label2\" content=\"Szacowany czas czytania\" \/>\n\t<meta name=\"twitter:data2\" content=\"3 minuty\" \/>\n<script type=\"application\/ld+json\" class=\"yoast-schema-graph\">{\"@context\":\"https:\/\/schema.org\",\"@graph\":[{\"@type\":\"Article\",\"@id\":\"https:\/\/fundacjaklik.pl\/index.php\/2025\/07\/10\/wernisaz-wystawy-klik-w-dzielnice-czechow-polnocny-i-poludniowy-w-fundacji-artsystem\/#article\",\"isPartOf\":{\"@id\":\"https:\/\/fundacjaklik.pl\/index.php\/2025\/07\/10\/wernisaz-wystawy-klik-w-dzielnice-czechow-polnocny-i-poludniowy-w-fundacji-artsystem\/\"},\"author\":{\"name\":\"admin7379\",\"@id\":\"https:\/\/fundacjaklik.pl\/#\/schema\/person\/0bdb17db29f63d0dd2dacf8e6faee9a3\"},\"headline\":\"Wernisa\u017c wystawy &#8220;KLIK w Dzielnice &#8211; Czech\u00f3w P\u00f3\u0142nocny i Po\u0142udniowy&#8221; w Fundacji ArtSystem\",\"datePublished\":\"2025-07-10T12:26:00+00:00\",\"dateModified\":\"2025-07-24T12:28:57+00:00\",\"mainEntityOfPage\":{\"@id\":\"https:\/\/fundacjaklik.pl\/index.php\/2025\/07\/10\/wernisaz-wystawy-klik-w-dzielnice-czechow-polnocny-i-poludniowy-w-fundacji-artsystem\/\"},\"wordCount\":179,\"publisher\":{\"@id\":\"https:\/\/fundacjaklik.pl\/#organization\"},\"image\":{\"@id\":\"https:\/\/fundacjaklik.pl\/index.php\/2025\/07\/10\/wernisaz-wystawy-klik-w-dzielnice-czechow-polnocny-i-poludniowy-w-fundacji-artsystem\/#primaryimage\"},\"thumbnailUrl\":\"https:\/\/fundacjaklik.pl\/wp-content\/uploads\/2025\/07\/518285722_721078917331709_616554084318599834_n.jpg\",\"articleSection\":[\"Non class\u00e9\"],\"inLanguage\":\"pl-PL\"},{\"@type\":\"WebPage\",\"@id\":\"https:\/\/fundacjaklik.pl\/index.php\/2025\/07\/10\/wernisaz-wystawy-klik-w-dzielnice-czechow-polnocny-i-poludniowy-w-fundacji-artsystem\/\",\"url\":\"https:\/\/fundacjaklik.pl\/index.php\/2025\/07\/10\/wernisaz-wystawy-klik-w-dzielnice-czechow-polnocny-i-poludniowy-w-fundacji-artsystem\/\",\"name\":\"Wernisa\u017c wystawy \\\"KLIK w Dzielnice - Czech\u00f3w P\u00f3\u0142nocny i Po\u0142udniowy\\\" w Fundacji ArtSystem - Fundacja KLIK\",\"isPartOf\":{\"@id\":\"https:\/\/fundacjaklik.pl\/#website\"},\"primaryImageOfPage\":{\"@id\":\"https:\/\/fundacjaklik.pl\/index.php\/2025\/07\/10\/wernisaz-wystawy-klik-w-dzielnice-czechow-polnocny-i-poludniowy-w-fundacji-artsystem\/#primaryimage\"},\"image\":{\"@id\":\"https:\/\/fundacjaklik.pl\/index.php\/2025\/07\/10\/wernisaz-wystawy-klik-w-dzielnice-czechow-polnocny-i-poludniowy-w-fundacji-artsystem\/#primaryimage\"},\"thumbnailUrl\":\"https:\/\/fundacjaklik.pl\/wp-content\/uploads\/2025\/07\/518285722_721078917331709_616554084318599834_n.jpg\",\"datePublished\":\"2025-07-10T12:26:00+00:00\",\"dateModified\":\"2025-07-24T12:28:57+00:00\",\"breadcrumb\":{\"@id\":\"https:\/\/fundacjaklik.pl\/index.php\/2025\/07\/10\/wernisaz-wystawy-klik-w-dzielnice-czechow-polnocny-i-poludniowy-w-fundacji-artsystem\/#breadcrumb\"},\"inLanguage\":\"pl-PL\",\"potentialAction\":[{\"@type\":\"ReadAction\",\"target\":[\"https:\/\/fundacjaklik.pl\/index.php\/2025\/07\/10\/wernisaz-wystawy-klik-w-dzielnice-czechow-polnocny-i-poludniowy-w-fundacji-artsystem\/\"]}]},{\"@type\":\"ImageObject\",\"inLanguage\":\"pl-PL\",\"@id\":\"https:\/\/fundacjaklik.pl\/index.php\/2025\/07\/10\/wernisaz-wystawy-klik-w-dzielnice-czechow-polnocny-i-poludniowy-w-fundacji-artsystem\/#primaryimage\",\"url\":\"https:\/\/fundacjaklik.pl\/wp-content\/uploads\/2025\/07\/518285722_721078917331709_616554084318599834_n.jpg\",\"contentUrl\":\"https:\/\/fundacjaklik.pl\/wp-content\/uploads\/2025\/07\/518285722_721078917331709_616554084318599834_n.jpg\",\"width\":2048,\"height\":1072},{\"@type\":\"BreadcrumbList\",\"@id\":\"https:\/\/fundacjaklik.pl\/index.php\/2025\/07\/10\/wernisaz-wystawy-klik-w-dzielnice-czechow-polnocny-i-poludniowy-w-fundacji-artsystem\/#breadcrumb\",\"itemListElement\":[{\"@type\":\"ListItem\",\"position\":1,\"name\":\"Strona g\u0142\u00f3wna\",\"item\":\"https:\/\/fundacjaklik.pl\/\"},{\"@type\":\"ListItem\",\"position\":2,\"name\":\"Wernisa\u017c wystawy &#8220;KLIK w Dzielnice &#8211; Czech\u00f3w P\u00f3\u0142nocny i Po\u0142udniowy&#8221; w Fundacji ArtSystem\"}]},{\"@type\":\"WebSite\",\"@id\":\"https:\/\/fundacjaklik.pl\/#website\",\"url\":\"https:\/\/fundacjaklik.pl\/\",\"name\":\"Fundacja KLIK\",\"description\":\"Fundacja KLIK tworzy przestrze\u0144 dla os\u00f3b chc\u0105cych rozwija\u0107 si\u0119 w r\u00f3\u017cnych dziedzinach kultury, dzia\u0142alno\u015bci artystycznej i edukacji.\",\"publisher\":{\"@id\":\"https:\/\/fundacjaklik.pl\/#organization\"},\"potentialAction\":[{\"@type\":\"SearchAction\",\"target\":{\"@type\":\"EntryPoint\",\"urlTemplate\":\"https:\/\/fundacjaklik.pl\/?s={search_term_string}\"},\"query-input\":{\"@type\":\"PropertyValueSpecification\",\"valueRequired\":true,\"valueName\":\"search_term_string\"}}],\"inLanguage\":\"pl-PL\"},{\"@type\":\"Organization\",\"@id\":\"https:\/\/fundacjaklik.pl\/#organization\",\"name\":\"Fundacja KLIK\",\"url\":\"https:\/\/fundacjaklik.pl\/\",\"logo\":{\"@type\":\"ImageObject\",\"inLanguage\":\"pl-PL\",\"@id\":\"https:\/\/fundacjaklik.pl\/#\/schema\/logo\/image\/\",\"url\":\"https:\/\/fundacjaklik.pl\/wp-content\/uploads\/2023\/10\/cropped-Projekt-bez-nazwy.png\",\"contentUrl\":\"https:\/\/fundacjaklik.pl\/wp-content\/uploads\/2023\/10\/cropped-Projekt-bez-nazwy.png\",\"width\":384,\"height\":264,\"caption\":\"Fundacja KLIK\"},\"image\":{\"@id\":\"https:\/\/fundacjaklik.pl\/#\/schema\/logo\/image\/\"}},{\"@type\":\"Person\",\"@id\":\"https:\/\/fundacjaklik.pl\/#\/schema\/person\/0bdb17db29f63d0dd2dacf8e6faee9a3\",\"name\":\"admin7379\",\"sameAs\":[\"http:\/\/fundacjaklik.pl\"],\"url\":\"https:\/\/fundacjaklik.pl\/index.php\/author\/admin7379\/\"}]}<\/script>\n<!-- \/ Yoast SEO plugin. -->","yoast_head_json":{"title":"Wernisa\u017c wystawy \"KLIK w Dzielnice - Czech\u00f3w P\u00f3\u0142nocny i Po\u0142udniowy\" w Fundacji ArtSystem - Fundacja KLIK","robots":{"index":"index","follow":"follow","max-snippet":"max-snippet:-1","max-image-preview":"max-image-preview:large","max-video-preview":"max-video-preview:-1"},"canonical":"https:\/\/fundacjaklik.pl\/index.php\/2025\/07\/10\/wernisaz-wystawy-klik-w-dzielnice-czechow-polnocny-i-poludniowy-w-fundacji-artsystem\/","og_locale":"pl_PL","og_type":"article","og_title":"Wernisa\u017c wystawy \"KLIK w Dzielnice - Czech\u00f3w P\u00f3\u0142nocny i Po\u0142udniowy\" w Fundacji ArtSystem - Fundacja KLIK","og_description":"Serdecznie zapraszamy na otwarcie wyj\u0105tkowej wystawy fotografii powsta\u0142ych w ramach drugiej edycji projektu \u201eKLIK w dzielnice\u201d, realizowanego przez Fundacj\u0119 KLIK w ramach programu \u201eDzielnice Kultury\u201d. To zapis lokalnych historii uchwyconych przez uczestnik\u00f3w warsztat\u00f3w fotograficznych prowadzonych przez Daniela Drobika \u2013 opowie\u015b\u0107 o codzienno\u015bci mieszka\u0144c\u00f3w Lublina widzianej z bliska, z uwa\u017cno\u015bci\u0105 i &hellip;","og_url":"https:\/\/fundacjaklik.pl\/index.php\/2025\/07\/10\/wernisaz-wystawy-klik-w-dzielnice-czechow-polnocny-i-poludniowy-w-fundacji-artsystem\/","og_site_name":"Fundacja KLIK","article_published_time":"2025-07-10T12:26:00+00:00","article_modified_time":"2025-07-24T12:28:57+00:00","og_image":[{"width":2048,"height":1072,"url":"https:\/\/fundacjaklik.pl\/wp-content\/uploads\/2025\/07\/518285722_721078917331709_616554084318599834_n.jpg","type":"image\/jpeg"}],"author":"admin7379","twitter_card":"summary_large_image","twitter_misc":{"Napisane przez":"admin7379","Szacowany czas czytania":"3 minuty"},"schema":{"@context":"https:\/\/schema.org","@graph":[{"@type":"Article","@id":"https:\/\/fundacjaklik.pl\/index.php\/2025\/07\/10\/wernisaz-wystawy-klik-w-dzielnice-czechow-polnocny-i-poludniowy-w-fundacji-artsystem\/#article","isPartOf":{"@id":"https:\/\/fundacjaklik.pl\/index.php\/2025\/07\/10\/wernisaz-wystawy-klik-w-dzielnice-czechow-polnocny-i-poludniowy-w-fundacji-artsystem\/"},"author":{"name":"admin7379","@id":"https:\/\/fundacjaklik.pl\/#\/schema\/person\/0bdb17db29f63d0dd2dacf8e6faee9a3"},"headline":"Wernisa\u017c wystawy &#8220;KLIK w Dzielnice &#8211; Czech\u00f3w P\u00f3\u0142nocny i Po\u0142udniowy&#8221; w Fundacji ArtSystem","datePublished":"2025-07-10T12:26:00+00:00","dateModified":"2025-07-24T12:28:57+00:00","mainEntityOfPage":{"@id":"https:\/\/fundacjaklik.pl\/index.php\/2025\/07\/10\/wernisaz-wystawy-klik-w-dzielnice-czechow-polnocny-i-poludniowy-w-fundacji-artsystem\/"},"wordCount":179,"publisher":{"@id":"https:\/\/fundacjaklik.pl\/#organization"},"image":{"@id":"https:\/\/fundacjaklik.pl\/index.php\/2025\/07\/10\/wernisaz-wystawy-klik-w-dzielnice-czechow-polnocny-i-poludniowy-w-fundacji-artsystem\/#primaryimage"},"thumbnailUrl":"https:\/\/fundacjaklik.pl\/wp-content\/uploads\/2025\/07\/518285722_721078917331709_616554084318599834_n.jpg","articleSection":["Non class\u00e9"],"inLanguage":"pl-PL"},{"@type":"WebPage","@id":"https:\/\/fundacjaklik.pl\/index.php\/2025\/07\/10\/wernisaz-wystawy-klik-w-dzielnice-czechow-polnocny-i-poludniowy-w-fundacji-artsystem\/","url":"https:\/\/fundacjaklik.pl\/index.php\/2025\/07\/10\/wernisaz-wystawy-klik-w-dzielnice-czechow-polnocny-i-poludniowy-w-fundacji-artsystem\/","name":"Wernisa\u017c wystawy \"KLIK w Dzielnice - Czech\u00f3w P\u00f3\u0142nocny i Po\u0142udniowy\" w Fundacji ArtSystem - Fundacja KLIK","isPartOf":{"@id":"https:\/\/fundacjaklik.pl\/#website"},"primaryImageOfPage":{"@id":"https:\/\/fundacjaklik.pl\/index.php\/2025\/07\/10\/wernisaz-wystawy-klik-w-dzielnice-czechow-polnocny-i-poludniowy-w-fundacji-artsystem\/#primaryimage"},"image":{"@id":"https:\/\/fundacjaklik.pl\/index.php\/2025\/07\/10\/wernisaz-wystawy-klik-w-dzielnice-czechow-polnocny-i-poludniowy-w-fundacji-artsystem\/#primaryimage"},"thumbnailUrl":"https:\/\/fundacjaklik.pl\/wp-content\/uploads\/2025\/07\/518285722_721078917331709_616554084318599834_n.jpg","datePublished":"2025-07-10T12:26:00+00:00","dateModified":"2025-07-24T12:28:57+00:00","breadcrumb":{"@id":"https:\/\/fundacjaklik.pl\/index.php\/2025\/07\/10\/wernisaz-wystawy-klik-w-dzielnice-czechow-polnocny-i-poludniowy-w-fundacji-artsystem\/#breadcrumb"},"inLanguage":"pl-PL","potentialAction":[{"@type":"ReadAction","target":["https:\/\/fundacjaklik.pl\/index.php\/2025\/07\/10\/wernisaz-wystawy-klik-w-dzielnice-czechow-polnocny-i-poludniowy-w-fundacji-artsystem\/"]}]},{"@type":"ImageObject","inLanguage":"pl-PL","@id":"https:\/\/fundacjaklik.pl\/index.php\/2025\/07\/10\/wernisaz-wystawy-klik-w-dzielnice-czechow-polnocny-i-poludniowy-w-fundacji-artsystem\/#primaryimage","url":"https:\/\/fundacjaklik.pl\/wp-content\/uploads\/2025\/07\/518285722_721078917331709_616554084318599834_n.jpg","contentUrl":"https:\/\/fundacjaklik.pl\/wp-content\/uploads\/2025\/07\/518285722_721078917331709_616554084318599834_n.jpg","width":2048,"height":1072},{"@type":"BreadcrumbList","@id":"https:\/\/fundacjaklik.pl\/index.php\/2025\/07\/10\/wernisaz-wystawy-klik-w-dzielnice-czechow-polnocny-i-poludniowy-w-fundacji-artsystem\/#breadcrumb","itemListElement":[{"@type":"ListItem","position":1,"name":"Strona g\u0142\u00f3wna","item":"https:\/\/fundacjaklik.pl\/"},{"@type":"ListItem","position":2,"name":"Wernisa\u017c wystawy &#8220;KLIK w Dzielnice &#8211; Czech\u00f3w P\u00f3\u0142nocny i Po\u0142udniowy&#8221; w Fundacji ArtSystem"}]},{"@type":"WebSite","@id":"https:\/\/fundacjaklik.pl\/#website","url":"https:\/\/fundacjaklik.pl\/","name":"Fundacja KLIK","description":"Fundacja KLIK tworzy przestrze\u0144 dla os\u00f3b chc\u0105cych rozwija\u0107 si\u0119 w r\u00f3\u017cnych dziedzinach kultury, dzia\u0142alno\u015bci artystycznej i edukacji.","publisher":{"@id":"https:\/\/fundacjaklik.pl\/#organization"},"potentialAction":[{"@type":"SearchAction","target":{"@type":"EntryPoint","urlTemplate":"https:\/\/fundacjaklik.pl\/?s={search_term_string}"},"query-input":{"@type":"PropertyValueSpecification","valueRequired":true,"valueName":"search_term_string"}}],"inLanguage":"pl-PL"},{"@type":"Organization","@id":"https:\/\/fundacjaklik.pl\/#organization","name":"Fundacja KLIK","url":"https:\/\/fundacjaklik.pl\/","logo":{"@type":"ImageObject","inLanguage":"pl-PL","@id":"https:\/\/fundacjaklik.pl\/#\/schema\/logo\/image\/","url":"https:\/\/fundacjaklik.pl\/wp-content\/uploads\/2023\/10\/cropped-Projekt-bez-nazwy.png","contentUrl":"https:\/\/fundacjaklik.pl\/wp-content\/uploads\/2023\/10\/cropped-Projekt-bez-nazwy.png","width":384,"height":264,"caption":"Fundacja KLIK"},"image":{"@id":"https:\/\/fundacjaklik.pl\/#\/schema\/logo\/image\/"}},{"@type":"Person","@id":"https:\/\/fundacjaklik.pl\/#\/schema\/person\/0bdb17db29f63d0dd2dacf8e6faee9a3","name":"admin7379","sameAs":["http:\/\/fundacjaklik.pl"],"url":"https:\/\/fundacjaklik.pl\/index.php\/author\/admin7379\/"}]}},"_links":{"self":[{"href":"https:\/\/fundacjaklik.pl\/index.php\/wp-json\/wp\/v2\/posts\/560","targetHints":{"allow":["GET"]}}],"collection":[{"href":"https:\/\/fundacjaklik.pl\/index.php\/wp-json\/wp\/v2\/posts"}],"about":[{"href":"https:\/\/fundacjaklik.pl\/index.php\/wp-json\/wp\/v2\/types\/post"}],"author":[{"embeddable":true,"href":"https:\/\/fundacjaklik.pl\/index.php\/wp-json\/wp\/v2\/users\/1"}],"replies":[{"embeddable":true,"href":"https:\/\/fundacjaklik.pl\/index.php\/wp-json\/wp\/v2\/comments?post=560"}],"version-history":[{"count":1,"href":"https:\/\/fundacjaklik.pl\/index.php\/wp-json\/wp\/v2\/posts\/560\/revisions"}],"predecessor-version":[{"id":562,"href":"https:\/\/fundacjaklik.pl\/index.php\/wp-json\/wp\/v2\/posts\/560\/revisions\/562"}],"wp:featuredmedia":[{"embeddable":true,"href":"https:\/\/fundacjaklik.pl\/index.php\/wp-json\/wp\/v2\/media\/561"}],"wp:attachment":[{"href":"https:\/\/fundacjaklik.pl\/index.php\/wp-json\/wp\/v2\/media?parent=560"}],"wp:term":[{"taxonomy":"category","embeddable":true,"href":"https:\/\/fundacjaklik.pl\/index.php\/wp-json\/wp\/v2\/categories?post=560"},{"taxonomy":"post_tag","embeddable":true,"href":"https:\/\/fundacjaklik.pl\/index.php\/wp-json\/wp\/v2\/tags?post=560"}],"curies":[{"name":"wp","href":"https:\/\/api.w.org\/{rel}","templated":true}]}}