{"id":555,"date":"2025-04-07T15:45:42","date_gmt":"2025-04-07T13:45:42","guid":{"rendered":"https:\/\/fundacjaklik.pl\/?p=555"},"modified":"2025-04-07T16:13:18","modified_gmt":"2025-04-07T14:13:18","slug":"klik-w-dzielnice-czechow-polnocny-i-czechow-poludniowy","status":"publish","type":"post","link":"https:\/\/fundacjaklik.pl\/index.php\/2025\/04\/07\/klik-w-dzielnice-czechow-polnocny-i-czechow-poludniowy\/","title":{"rendered":"KLIK w Dzielnice: Czech\u00f3w P\u00f3\u0142nocny i Czech\u00f3w Po\u0142udniowy &#8211; wystartowa\u0142y zapisy"},"content":{"rendered":"\n<p>Mieszkasz\/-\u0142e\u015b\/-a\u015b w dzielnicach Czech\u00f3w P\u00f3\u0142nocny lub Czech\u00f3w Po\u0142udniowy? A mo\u017ce masz wspomnienia zwi\u0105zane z tymi dzielnicami?<br>Je\u015bli przynajmniej na 1 pytanie, Twoja odpowied\u017a brzmi: TAK &#8211; zapraszamy Ci\u0119 do projektu \u201cKLIK w dzielnice: Czech\u00f3w P\u00f3\u0142nocny i Czech\u00f3w Po\u0142udniowy&#8221;. Chcemy spojrze\u0107 na nie oczami ich mieszka\u0144c\u00f3w, a tak\u017ce os\u00f3b, kt\u00f3re cho\u0107 nie mieszkaj\u0105 w tych dzielnicach, maj\u0105 do nich sentyment.<\/p>\n\n\n\n<p>Podczas warsztat\u00f3w nauczysz si\u0119 fotografii cyfrowej wykonywanej telefonem, a Twoje zdj\u0119cie pojawi si\u0119 na wystawie. Za spraw\u0105 warsztat\u00f3w radiowych wprowadzimy Ci\u0119 w \u015bwiat d\u017awi\u0119ku, jego nagrywania i monta\u017cu. B\u0119dziesz m\u00f3g\u0142\/B\u0119dziesz mog\u0142a nagra\u0107 wspomnienia d\u017awi\u0119kowe wybranych przez siebie os\u00f3b.<br>Podczas projektu wspiera\u0107 Ci\u0119 b\u0119d\u0105 nasi mentorzy.<\/p>\n\n\n\n<p>Wspomnienia naszych bliskich czy przyjaci\u00f3\u0142 cz\u0119sto odchodz\u0105 razem z ich w\u0142a\u015bcicielami. Ocalmy je od zapomnienia!<\/p>\n\n\n\n<p><img decoding=\"async\" height=\"16\" width=\"16\" alt=\"\u23f0\" src=\"https:\/\/static.xx.fbcdn.net\/images\/emoji.php\/v9\/t36\/3\/16\/23f0.png\"> Kiedy i gdzie?<\/p>\n\n\n\n<p><img decoding=\"async\" height=\"16\" width=\"16\" alt=\"\ud83d\udccd\" src=\"https:\/\/static.xx.fbcdn.net\/images\/emoji.php\/v9\/t6b\/3\/16\/1f4cd.png\"> warsztaty radiowe w sobot\u0119 26 kwietnia od 10:00\u201315:00 w Baobabie przy ul. Krakowskie Przedmie\u015bcie 39 B<\/p>\n\n\n\n<p><img decoding=\"async\" height=\"16\" width=\"16\" alt=\"\ud83d\udccd\" src=\"https:\/\/static.xx.fbcdn.net\/images\/emoji.php\/v9\/t6b\/3\/16\/1f4cd.png\"> warsztaty fotograficzne w niedziel\u0119 27 kwietnia od 10:00\u201315:00 w Studio5 przy ul. Kiepury 5<\/p>\n\n\n\n<p><img decoding=\"async\" height=\"16\" width=\"16\" alt=\"\ud83d\udccd\" src=\"https:\/\/static.xx.fbcdn.net\/images\/emoji.php\/v9\/t6b\/3\/16\/1f4cd.png\"> mentoring fotograficzny w sobot\u0119 10 maja od 10:00\u201315:00 w Studio5 przy ul. Kiepury 5<\/p>\n\n\n\n<p><img decoding=\"async\" height=\"16\" width=\"16\" alt=\"\ud83d\udccd\" src=\"https:\/\/static.xx.fbcdn.net\/images\/emoji.php\/v9\/t6b\/3\/16\/1f4cd.png\"> mentoring radiowy w niedziel\u0119 11 maja od 11:00\u201316:00 w Baobabie przy ul. Krakowskie Przedmie\u015bcie 39 B<\/p>\n\n\n\n<p>Zapisy: <a href=\"https:\/\/l.facebook.com\/l.php?u=https%3A%2F%2Fforms.gle%2F6HZeudLHGwRvCq7g7%3Ffbclid%3DIwZXh0bgNhZW0CMTAAAR7djqPAvbZzu9Z5dyxWKqX222xqS5EMO06WmzcXiCEGyCs3HUNonqxlEODaEQ_aem_sjsyZQQt-VxSwS6vxChMhA&amp;h=AT0rjuCEhV8V4hvUv26HBHkY917AO-P5aKm_wxRoEZMqjp8ZuxtbpO6WOi5-B14klmOaZBJBVERodtxOhnOBGmsUvDj80g2jRZ3c1A0BThpRwRjt-U7fjzmIDEOFTgPCsDAFqMtPW1BgFB0cSJwd&amp;__tn__=q&amp;c[0]=AT3wbimXuFJ0a_A4Tu3AdBdtHoqu6z95lCYvgrNDaO2-OfvILDSiPsKCcW3Ox4Gemwr5l31BzB_X6nqARzrLxrQdovWtBHm7V2URXp4Rs-hGyPwECCSN1wGG6mR6GkhAG7EVWj2zIVFp9HERQzr_BG1zMRoxEchRVDYNCg\" rel=\"noreferrer noopener\" target=\"_blank\">https:\/\/forms.gle\/6HZeudLHGwRvCq7g7<\/a><\/p>\n\n\n\n<p><img decoding=\"async\" height=\"16\" width=\"16\" alt=\"\u26a0\ufe0f\" src=\"https:\/\/static.xx.fbcdn.net\/images\/emoji.php\/v9\/tde\/3\/16\/26a0.png\"> Udzia\u0142 w projekcie jest bezp\u0142atny. Zapraszamy osoby pe\u0142noletnie. Zale\u017cy nam, by uczestnicy wzi\u0119li udzia\u0142 we wszystkich 4 spotkaniach.<\/p>\n\n\n\n<p>Na spotkania fotograficzne we\u017a ze sob\u0105 smartfona, a na radiowe &#8211; s\u0142uchawki przewodowe lub bezprzewodowe.<\/p>\n\n\n\n<p>Projekt jest realizowany dzi\u0119ki wsparciu Miasta Lublin w ramach Programu Dzielnice Kultury.<\/p>\n","protected":false},"excerpt":{"rendered":"<p>Mieszkasz\/-\u0142e\u015b\/-a\u015b w dzielnicach Czech\u00f3w P\u00f3\u0142nocny lub Czech\u00f3w Po\u0142udniowy? A mo\u017ce masz wspomnienia zwi\u0105zane z tymi dzielnicami?Je\u015bli przynajmniej na 1 pytanie, Twoja odpowied\u017a brzmi: TAK &#8211; zapraszamy Ci\u0119 do projektu \u201cKLIK w dzielnice: Czech\u00f3w P\u00f3\u0142nocny i Czech\u00f3w Po\u0142udniowy&#8221;. Chcemy spojrze\u0107 na nie oczami ich mieszka\u0144c\u00f3w, a tak\u017ce os\u00f3b, kt\u00f3re cho\u0107 nie &hellip;<\/p>\n","protected":false},"author":1,"featured_media":556,"comment_status":"closed","ping_status":"closed","sticky":false,"template":"","format":"standard","meta":{"footnotes":""},"categories":[1],"tags":[],"class_list":["post-555","post","type-post","status-publish","format-standard","has-post-thumbnail","hentry","category-non-classe"],"yoast_head":"<!-- This site is optimized with the Yoast SEO plugin v25.5 - https:\/\/yoast.com\/wordpress\/plugins\/seo\/ -->\n<title>KLIK w Dzielnice: Czech\u00f3w P\u00f3\u0142nocny i Czech\u00f3w Po\u0142udniowy - wystartowa\u0142y zapisy - Fundacja KLIK<\/title>\n<meta name=\"robots\" content=\"index, follow, max-snippet:-1, max-image-preview:large, max-video-preview:-1\" \/>\n<link rel=\"canonical\" href=\"https:\/\/fundacjaklik.pl\/index.php\/2025\/04\/07\/klik-w-dzielnice-czechow-polnocny-i-czechow-poludniowy\/\" \/>\n<meta property=\"og:locale\" content=\"pl_PL\" \/>\n<meta property=\"og:type\" content=\"article\" \/>\n<meta property=\"og:title\" content=\"KLIK w Dzielnice: Czech\u00f3w P\u00f3\u0142nocny i Czech\u00f3w Po\u0142udniowy - wystartowa\u0142y zapisy - Fundacja KLIK\" \/>\n<meta property=\"og:description\" content=\"Mieszkasz\/-\u0142e\u015b\/-a\u015b w dzielnicach Czech\u00f3w P\u00f3\u0142nocny lub Czech\u00f3w Po\u0142udniowy? A mo\u017ce masz wspomnienia zwi\u0105zane z tymi dzielnicami?Je\u015bli przynajmniej na 1 pytanie, Twoja odpowied\u017a brzmi: TAK &#8211; zapraszamy Ci\u0119 do projektu \u201cKLIK w dzielnice: Czech\u00f3w P\u00f3\u0142nocny i Czech\u00f3w Po\u0142udniowy&#8221;. Chcemy spojrze\u0107 na nie oczami ich mieszka\u0144c\u00f3w, a tak\u017ce os\u00f3b, kt\u00f3re cho\u0107 nie &hellip;\" \/>\n<meta property=\"og:url\" content=\"https:\/\/fundacjaklik.pl\/index.php\/2025\/04\/07\/klik-w-dzielnice-czechow-polnocny-i-czechow-poludniowy\/\" \/>\n<meta property=\"og:site_name\" content=\"Fundacja KLIK\" \/>\n<meta property=\"article:published_time\" content=\"2025-04-07T13:45:42+00:00\" \/>\n<meta property=\"article:modified_time\" content=\"2025-04-07T14:13:18+00:00\" \/>\n<meta property=\"og:image\" content=\"https:\/\/fundacjaklik.pl\/wp-content\/uploads\/2025\/04\/Projekt-bez-nazwy.png\" \/>\n\t<meta property=\"og:image:width\" content=\"1034\" \/>\n\t<meta property=\"og:image:height\" content=\"582\" \/>\n\t<meta property=\"og:image:type\" content=\"image\/png\" \/>\n<meta name=\"author\" content=\"admin7379\" \/>\n<meta name=\"twitter:card\" content=\"summary_large_image\" \/>\n<meta name=\"twitter:label1\" content=\"Napisane przez\" \/>\n\t<meta name=\"twitter:data1\" content=\"admin7379\" \/>\n\t<meta name=\"twitter:label2\" content=\"Szacowany czas czytania\" \/>\n\t<meta name=\"twitter:data2\" content=\"3 minuty\" \/>\n<script type=\"application\/ld+json\" class=\"yoast-schema-graph\">{\"@context\":\"https:\/\/schema.org\",\"@graph\":[{\"@type\":\"Article\",\"@id\":\"https:\/\/fundacjaklik.pl\/index.php\/2025\/04\/07\/klik-w-dzielnice-czechow-polnocny-i-czechow-poludniowy\/#article\",\"isPartOf\":{\"@id\":\"https:\/\/fundacjaklik.pl\/index.php\/2025\/04\/07\/klik-w-dzielnice-czechow-polnocny-i-czechow-poludniowy\/\"},\"author\":{\"name\":\"admin7379\",\"@id\":\"https:\/\/fundacjaklik.pl\/#\/schema\/person\/0bdb17db29f63d0dd2dacf8e6faee9a3\"},\"headline\":\"KLIK w Dzielnice: Czech\u00f3w P\u00f3\u0142nocny i Czech\u00f3w Po\u0142udniowy &#8211; wystartowa\u0142y zapisy\",\"datePublished\":\"2025-04-07T13:45:42+00:00\",\"dateModified\":\"2025-04-07T14:13:18+00:00\",\"mainEntityOfPage\":{\"@id\":\"https:\/\/fundacjaklik.pl\/index.php\/2025\/04\/07\/klik-w-dzielnice-czechow-polnocny-i-czechow-poludniowy\/\"},\"wordCount\":280,\"publisher\":{\"@id\":\"https:\/\/fundacjaklik.pl\/#organization\"},\"image\":{\"@id\":\"https:\/\/fundacjaklik.pl\/index.php\/2025\/04\/07\/klik-w-dzielnice-czechow-polnocny-i-czechow-poludniowy\/#primaryimage\"},\"thumbnailUrl\":\"https:\/\/fundacjaklik.pl\/wp-content\/uploads\/2025\/04\/Projekt-bez-nazwy.png\",\"articleSection\":[\"Non class\u00e9\"],\"inLanguage\":\"pl-PL\"},{\"@type\":\"WebPage\",\"@id\":\"https:\/\/fundacjaklik.pl\/index.php\/2025\/04\/07\/klik-w-dzielnice-czechow-polnocny-i-czechow-poludniowy\/\",\"url\":\"https:\/\/fundacjaklik.pl\/index.php\/2025\/04\/07\/klik-w-dzielnice-czechow-polnocny-i-czechow-poludniowy\/\",\"name\":\"KLIK w Dzielnice: Czech\u00f3w P\u00f3\u0142nocny i Czech\u00f3w Po\u0142udniowy - wystartowa\u0142y zapisy - Fundacja KLIK\",\"isPartOf\":{\"@id\":\"https:\/\/fundacjaklik.pl\/#website\"},\"primaryImageOfPage\":{\"@id\":\"https:\/\/fundacjaklik.pl\/index.php\/2025\/04\/07\/klik-w-dzielnice-czechow-polnocny-i-czechow-poludniowy\/#primaryimage\"},\"image\":{\"@id\":\"https:\/\/fundacjaklik.pl\/index.php\/2025\/04\/07\/klik-w-dzielnice-czechow-polnocny-i-czechow-poludniowy\/#primaryimage\"},\"thumbnailUrl\":\"https:\/\/fundacjaklik.pl\/wp-content\/uploads\/2025\/04\/Projekt-bez-nazwy.png\",\"datePublished\":\"2025-04-07T13:45:42+00:00\",\"dateModified\":\"2025-04-07T14:13:18+00:00\",\"breadcrumb\":{\"@id\":\"https:\/\/fundacjaklik.pl\/index.php\/2025\/04\/07\/klik-w-dzielnice-czechow-polnocny-i-czechow-poludniowy\/#breadcrumb\"},\"inLanguage\":\"pl-PL\",\"potentialAction\":[{\"@type\":\"ReadAction\",\"target\":[\"https:\/\/fundacjaklik.pl\/index.php\/2025\/04\/07\/klik-w-dzielnice-czechow-polnocny-i-czechow-poludniowy\/\"]}]},{\"@type\":\"ImageObject\",\"inLanguage\":\"pl-PL\",\"@id\":\"https:\/\/fundacjaklik.pl\/index.php\/2025\/04\/07\/klik-w-dzielnice-czechow-polnocny-i-czechow-poludniowy\/#primaryimage\",\"url\":\"https:\/\/fundacjaklik.pl\/wp-content\/uploads\/2025\/04\/Projekt-bez-nazwy.png\",\"contentUrl\":\"https:\/\/fundacjaklik.pl\/wp-content\/uploads\/2025\/04\/Projekt-bez-nazwy.png\",\"width\":1920,\"height\":1080},{\"@type\":\"BreadcrumbList\",\"@id\":\"https:\/\/fundacjaklik.pl\/index.php\/2025\/04\/07\/klik-w-dzielnice-czechow-polnocny-i-czechow-poludniowy\/#breadcrumb\",\"itemListElement\":[{\"@type\":\"ListItem\",\"position\":1,\"name\":\"Strona g\u0142\u00f3wna\",\"item\":\"https:\/\/fundacjaklik.pl\/\"},{\"@type\":\"ListItem\",\"position\":2,\"name\":\"KLIK w Dzielnice: Czech\u00f3w P\u00f3\u0142nocny i Czech\u00f3w Po\u0142udniowy &#8211; wystartowa\u0142y zapisy\"}]},{\"@type\":\"WebSite\",\"@id\":\"https:\/\/fundacjaklik.pl\/#website\",\"url\":\"https:\/\/fundacjaklik.pl\/\",\"name\":\"Fundacja KLIK\",\"description\":\"Fundacja KLIK tworzy przestrze\u0144 dla os\u00f3b chc\u0105cych rozwija\u0107 si\u0119 w r\u00f3\u017cnych dziedzinach kultury, dzia\u0142alno\u015bci artystycznej i edukacji.\",\"publisher\":{\"@id\":\"https:\/\/fundacjaklik.pl\/#organization\"},\"potentialAction\":[{\"@type\":\"SearchAction\",\"target\":{\"@type\":\"EntryPoint\",\"urlTemplate\":\"https:\/\/fundacjaklik.pl\/?s={search_term_string}\"},\"query-input\":{\"@type\":\"PropertyValueSpecification\",\"valueRequired\":true,\"valueName\":\"search_term_string\"}}],\"inLanguage\":\"pl-PL\"},{\"@type\":\"Organization\",\"@id\":\"https:\/\/fundacjaklik.pl\/#organization\",\"name\":\"Fundacja KLIK\",\"url\":\"https:\/\/fundacjaklik.pl\/\",\"logo\":{\"@type\":\"ImageObject\",\"inLanguage\":\"pl-PL\",\"@id\":\"https:\/\/fundacjaklik.pl\/#\/schema\/logo\/image\/\",\"url\":\"https:\/\/fundacjaklik.pl\/wp-content\/uploads\/2023\/10\/cropped-Projekt-bez-nazwy.png\",\"contentUrl\":\"https:\/\/fundacjaklik.pl\/wp-content\/uploads\/2023\/10\/cropped-Projekt-bez-nazwy.png\",\"width\":384,\"height\":264,\"caption\":\"Fundacja KLIK\"},\"image\":{\"@id\":\"https:\/\/fundacjaklik.pl\/#\/schema\/logo\/image\/\"}},{\"@type\":\"Person\",\"@id\":\"https:\/\/fundacjaklik.pl\/#\/schema\/person\/0bdb17db29f63d0dd2dacf8e6faee9a3\",\"name\":\"admin7379\",\"sameAs\":[\"http:\/\/fundacjaklik.pl\"],\"url\":\"https:\/\/fundacjaklik.pl\/index.php\/author\/admin7379\/\"}]}<\/script>\n<!-- \/ Yoast SEO plugin. -->","yoast_head_json":{"title":"KLIK w Dzielnice: Czech\u00f3w P\u00f3\u0142nocny i Czech\u00f3w Po\u0142udniowy - wystartowa\u0142y zapisy - Fundacja KLIK","robots":{"index":"index","follow":"follow","max-snippet":"max-snippet:-1","max-image-preview":"max-image-preview:large","max-video-preview":"max-video-preview:-1"},"canonical":"https:\/\/fundacjaklik.pl\/index.php\/2025\/04\/07\/klik-w-dzielnice-czechow-polnocny-i-czechow-poludniowy\/","og_locale":"pl_PL","og_type":"article","og_title":"KLIK w Dzielnice: Czech\u00f3w P\u00f3\u0142nocny i Czech\u00f3w Po\u0142udniowy - wystartowa\u0142y zapisy - Fundacja KLIK","og_description":"Mieszkasz\/-\u0142e\u015b\/-a\u015b w dzielnicach Czech\u00f3w P\u00f3\u0142nocny lub Czech\u00f3w Po\u0142udniowy? A mo\u017ce masz wspomnienia zwi\u0105zane z tymi dzielnicami?Je\u015bli przynajmniej na 1 pytanie, Twoja odpowied\u017a brzmi: TAK &#8211; zapraszamy Ci\u0119 do projektu \u201cKLIK w dzielnice: Czech\u00f3w P\u00f3\u0142nocny i Czech\u00f3w Po\u0142udniowy&#8221;. Chcemy spojrze\u0107 na nie oczami ich mieszka\u0144c\u00f3w, a tak\u017ce os\u00f3b, kt\u00f3re cho\u0107 nie &hellip;","og_url":"https:\/\/fundacjaklik.pl\/index.php\/2025\/04\/07\/klik-w-dzielnice-czechow-polnocny-i-czechow-poludniowy\/","og_site_name":"Fundacja KLIK","article_published_time":"2025-04-07T13:45:42+00:00","article_modified_time":"2025-04-07T14:13:18+00:00","og_image":[{"url":"https:\/\/fundacjaklik.pl\/wp-content\/uploads\/2025\/04\/Projekt-bez-nazwy.png","width":1034,"height":582,"type":"image\/png"}],"author":"admin7379","twitter_card":"summary_large_image","twitter_misc":{"Napisane przez":"admin7379","Szacowany czas czytania":"3 minuty"},"schema":{"@context":"https:\/\/schema.org","@graph":[{"@type":"Article","@id":"https:\/\/fundacjaklik.pl\/index.php\/2025\/04\/07\/klik-w-dzielnice-czechow-polnocny-i-czechow-poludniowy\/#article","isPartOf":{"@id":"https:\/\/fundacjaklik.pl\/index.php\/2025\/04\/07\/klik-w-dzielnice-czechow-polnocny-i-czechow-poludniowy\/"},"author":{"name":"admin7379","@id":"https:\/\/fundacjaklik.pl\/#\/schema\/person\/0bdb17db29f63d0dd2dacf8e6faee9a3"},"headline":"KLIK w Dzielnice: Czech\u00f3w P\u00f3\u0142nocny i Czech\u00f3w Po\u0142udniowy &#8211; wystartowa\u0142y zapisy","datePublished":"2025-04-07T13:45:42+00:00","dateModified":"2025-04-07T14:13:18+00:00","mainEntityOfPage":{"@id":"https:\/\/fundacjaklik.pl\/index.php\/2025\/04\/07\/klik-w-dzielnice-czechow-polnocny-i-czechow-poludniowy\/"},"wordCount":280,"publisher":{"@id":"https:\/\/fundacjaklik.pl\/#organization"},"image":{"@id":"https:\/\/fundacjaklik.pl\/index.php\/2025\/04\/07\/klik-w-dzielnice-czechow-polnocny-i-czechow-poludniowy\/#primaryimage"},"thumbnailUrl":"https:\/\/fundacjaklik.pl\/wp-content\/uploads\/2025\/04\/Projekt-bez-nazwy.png","articleSection":["Non class\u00e9"],"inLanguage":"pl-PL"},{"@type":"WebPage","@id":"https:\/\/fundacjaklik.pl\/index.php\/2025\/04\/07\/klik-w-dzielnice-czechow-polnocny-i-czechow-poludniowy\/","url":"https:\/\/fundacjaklik.pl\/index.php\/2025\/04\/07\/klik-w-dzielnice-czechow-polnocny-i-czechow-poludniowy\/","name":"KLIK w Dzielnice: Czech\u00f3w P\u00f3\u0142nocny i Czech\u00f3w Po\u0142udniowy - wystartowa\u0142y zapisy - Fundacja KLIK","isPartOf":{"@id":"https:\/\/fundacjaklik.pl\/#website"},"primaryImageOfPage":{"@id":"https:\/\/fundacjaklik.pl\/index.php\/2025\/04\/07\/klik-w-dzielnice-czechow-polnocny-i-czechow-poludniowy\/#primaryimage"},"image":{"@id":"https:\/\/fundacjaklik.pl\/index.php\/2025\/04\/07\/klik-w-dzielnice-czechow-polnocny-i-czechow-poludniowy\/#primaryimage"},"thumbnailUrl":"https:\/\/fundacjaklik.pl\/wp-content\/uploads\/2025\/04\/Projekt-bez-nazwy.png","datePublished":"2025-04-07T13:45:42+00:00","dateModified":"2025-04-07T14:13:18+00:00","breadcrumb":{"@id":"https:\/\/fundacjaklik.pl\/index.php\/2025\/04\/07\/klik-w-dzielnice-czechow-polnocny-i-czechow-poludniowy\/#breadcrumb"},"inLanguage":"pl-PL","potentialAction":[{"@type":"ReadAction","target":["https:\/\/fundacjaklik.pl\/index.php\/2025\/04\/07\/klik-w-dzielnice-czechow-polnocny-i-czechow-poludniowy\/"]}]},{"@type":"ImageObject","inLanguage":"pl-PL","@id":"https:\/\/fundacjaklik.pl\/index.php\/2025\/04\/07\/klik-w-dzielnice-czechow-polnocny-i-czechow-poludniowy\/#primaryimage","url":"https:\/\/fundacjaklik.pl\/wp-content\/uploads\/2025\/04\/Projekt-bez-nazwy.png","contentUrl":"https:\/\/fundacjaklik.pl\/wp-content\/uploads\/2025\/04\/Projekt-bez-nazwy.png","width":1920,"height":1080},{"@type":"BreadcrumbList","@id":"https:\/\/fundacjaklik.pl\/index.php\/2025\/04\/07\/klik-w-dzielnice-czechow-polnocny-i-czechow-poludniowy\/#breadcrumb","itemListElement":[{"@type":"ListItem","position":1,"name":"Strona g\u0142\u00f3wna","item":"https:\/\/fundacjaklik.pl\/"},{"@type":"ListItem","position":2,"name":"KLIK w Dzielnice: Czech\u00f3w P\u00f3\u0142nocny i Czech\u00f3w Po\u0142udniowy &#8211; wystartowa\u0142y zapisy"}]},{"@type":"WebSite","@id":"https:\/\/fundacjaklik.pl\/#website","url":"https:\/\/fundacjaklik.pl\/","name":"Fundacja KLIK","description":"Fundacja KLIK tworzy przestrze\u0144 dla os\u00f3b chc\u0105cych rozwija\u0107 si\u0119 w r\u00f3\u017cnych dziedzinach kultury, dzia\u0142alno\u015bci artystycznej i edukacji.","publisher":{"@id":"https:\/\/fundacjaklik.pl\/#organization"},"potentialAction":[{"@type":"SearchAction","target":{"@type":"EntryPoint","urlTemplate":"https:\/\/fundacjaklik.pl\/?s={search_term_string}"},"query-input":{"@type":"PropertyValueSpecification","valueRequired":true,"valueName":"search_term_string"}}],"inLanguage":"pl-PL"},{"@type":"Organization","@id":"https:\/\/fundacjaklik.pl\/#organization","name":"Fundacja KLIK","url":"https:\/\/fundacjaklik.pl\/","logo":{"@type":"ImageObject","inLanguage":"pl-PL","@id":"https:\/\/fundacjaklik.pl\/#\/schema\/logo\/image\/","url":"https:\/\/fundacjaklik.pl\/wp-content\/uploads\/2023\/10\/cropped-Projekt-bez-nazwy.png","contentUrl":"https:\/\/fundacjaklik.pl\/wp-content\/uploads\/2023\/10\/cropped-Projekt-bez-nazwy.png","width":384,"height":264,"caption":"Fundacja KLIK"},"image":{"@id":"https:\/\/fundacjaklik.pl\/#\/schema\/logo\/image\/"}},{"@type":"Person","@id":"https:\/\/fundacjaklik.pl\/#\/schema\/person\/0bdb17db29f63d0dd2dacf8e6faee9a3","name":"admin7379","sameAs":["http:\/\/fundacjaklik.pl"],"url":"https:\/\/fundacjaklik.pl\/index.php\/author\/admin7379\/"}]}},"_links":{"self":[{"href":"https:\/\/fundacjaklik.pl\/index.php\/wp-json\/wp\/v2\/posts\/555","targetHints":{"allow":["GET"]}}],"collection":[{"href":"https:\/\/fundacjaklik.pl\/index.php\/wp-json\/wp\/v2\/posts"}],"about":[{"href":"https:\/\/fundacjaklik.pl\/index.php\/wp-json\/wp\/v2\/types\/post"}],"author":[{"embeddable":true,"href":"https:\/\/fundacjaklik.pl\/index.php\/wp-json\/wp\/v2\/users\/1"}],"replies":[{"embeddable":true,"href":"https:\/\/fundacjaklik.pl\/index.php\/wp-json\/wp\/v2\/comments?post=555"}],"version-history":[{"count":2,"href":"https:\/\/fundacjaklik.pl\/index.php\/wp-json\/wp\/v2\/posts\/555\/revisions"}],"predecessor-version":[{"id":558,"href":"https:\/\/fundacjaklik.pl\/index.php\/wp-json\/wp\/v2\/posts\/555\/revisions\/558"}],"wp:featuredmedia":[{"embeddable":true,"href":"https:\/\/fundacjaklik.pl\/index.php\/wp-json\/wp\/v2\/media\/556"}],"wp:attachment":[{"href":"https:\/\/fundacjaklik.pl\/index.php\/wp-json\/wp\/v2\/media?parent=555"}],"wp:term":[{"taxonomy":"category","embeddable":true,"href":"https:\/\/fundacjaklik.pl\/index.php\/wp-json\/wp\/v2\/categories?post=555"},{"taxonomy":"post_tag","embeddable":true,"href":"https:\/\/fundacjaklik.pl\/index.php\/wp-json\/wp\/v2\/tags?post=555"}],"curies":[{"name":"wp","href":"https:\/\/api.w.org\/{rel}","templated":true}]}}