{"id":528,"date":"2025-01-10T13:43:41","date_gmt":"2025-01-10T12:43:41","guid":{"rendered":"https:\/\/fundacjaklik.pl\/?p=528"},"modified":"2025-02-21T13:49:24","modified_gmt":"2025-02-21T12:49:24","slug":"wystawa-fotografii-klik-w-dzielnice-rury-ruszyla-w-miasto","status":"publish","type":"post","link":"https:\/\/fundacjaklik.pl\/index.php\/2025\/01\/10\/wystawa-fotografii-klik-w-dzielnice-rury-ruszyla-w-miasto\/","title":{"rendered":"Wystawa fotografii \u201cKLIK w dzielnic\u0119 &#8211; Rury&#8221; ruszy\u0142a w miasto"},"content":{"rendered":"\n<p><img decoding=\"async\" height=\"16\" width=\"16\" alt=\"\ud83d\udccc\" src=\"https:\/\/static.xx.fbcdn.net\/images\/emoji.php\/v9\/tea\/3\/16\/1f4cc.png\">&nbsp;Mo\u017cna j\u0105 ogl\u0105da\u0107 w go\u015bcinnych progach Filii nr 24 Miejskiej Biblioteki Publicznej im. H. \u0141opaci\u0144skiego w Lublinie przy ul. Juranda 7<\/p>\n\n\n\n<p><img decoding=\"async\" height=\"16\" width=\"16\" alt=\"\u23f0\" src=\"https:\/\/static.xx.fbcdn.net\/images\/emoji.php\/v9\/t36\/3\/16\/23f0.png\">&nbsp;Wystawa dost\u0119pna jest w godzinach pracy biblioteki:<br>poniedzia\u0142ek, \u015broda, pi\u0105tek &#8211; 10.00 &#8211; 18.00<br>wtorek, czwartek &#8211; 10.00 &#8211; 16.00<\/p>\n\n\n\n<p><img decoding=\"async\" height=\"16\" width=\"16\" alt=\"\ud83d\udd1a\" src=\"https:\/\/static.xx.fbcdn.net\/images\/emoji.php\/v9\/t1b\/3\/16\/1f51a.png\">&nbsp;Mo\u017cecie j\u0105 ogl\u0105da\u0107 do 3 lutego 2025 r.<\/p>\n\n\n\n<p>Prace przygotowa\u0142y uczestniczki warsztat\u00f3w fotograficznych w ramach projektu \u201cKLIK w dzielnic\u0119 &#8211; Rury&#8221;.<br>B\u0119dziecie mieli okazj\u0119 zobaczy\u0107, na co zwracamy uwag\u0119, co rzuca nam si\u0119 w oczy i jakie historie zwi\u0105zane z tym miejscem zapadaj\u0105 nam w pami\u0119ci. Co nas zachwyca i jak chcemy o tej dzielnicy opowiada\u0107<img loading=\"lazy\" decoding=\"async\" height=\"16\" width=\"16\" alt=\"\u2753\" src=\"https:\/\/static.xx.fbcdn.net\/images\/emoji.php\/v9\/t4e\/3\/16\/2753.png\"><\/p>\n\n\n\n<p>Projekt \u201cKLIK w dzielnic\u0119 &#8211; Rury&#8221; to po\u0142\u0105czenie warsztat\u00f3w: radiowych oraz fotografii cyfrowej telefonem. Spojrzeli\u015bmy na Rury oczami jej mieszka\u0144c\u00f3w, a tak\u017ce os\u00f3b, kt\u00f3re cho\u0107 nie mieszkaj\u0105 w tej dzielnicy, maj\u0105 do niej sentyment.<\/p>\n\n\n\n<p>Warsztaty poprowadzili: fotograficzne &#8211; Maks Skrzeczkowski, a radiowe &#8211; Agnieszka J\u00f3zwik. Dodatkowo, podczas mentoringu fotograficznego i radiowego uczestniczki pracowa\u0142y nad swoimi zdj\u0119ciami i monta\u017cem d\u017awi\u0119ku.<\/p>\n\n\n\n<p>Przypominamy, \u017ce na naszej stronie mo\u017cecie pos\u0142ucha\u0107 materia\u0142u d\u017awi\u0119kowego autorstwa Marii Bia\u0142opiotrowicz pt. \u201cPrace spo\u0142eczne, widoczki i \u015bwinia w wannie \u2013 wspomnienia o LSM\u201d.<br>Powsta\u0142 on podczas warsztat\u00f3w radiowych w ramach projektu \u201cKLIK w dzielnic\u0119 &#8211; Rury&#8221;.<\/p>\n\n\n\n<p>Projekt zosta\u0142 realizowany ze \u015brodk\u00f3w Miasta Lublin w ramach Programu Dzielnice Kultury.&nbsp;<\/p>\n","protected":false},"excerpt":{"rendered":"<p>&nbsp;Mo\u017cna j\u0105 ogl\u0105da\u0107 w go\u015bcinnych progach Filii nr 24 Miejskiej Biblioteki Publicznej im. H. \u0141opaci\u0144skiego w Lublinie przy ul. Juranda 7 &nbsp;Wystawa dost\u0119pna jest w godzinach pracy biblioteki:poniedzia\u0142ek, \u015broda, pi\u0105tek &#8211; 10.00 &#8211; 18.00wtorek, czwartek &#8211; 10.00 &#8211; 16.00 &nbsp;Mo\u017cecie j\u0105 ogl\u0105da\u0107 do 3 lutego 2025 r. Prace przygotowa\u0142y uczestniczki &hellip;<\/p>\n","protected":false},"author":1,"featured_media":529,"comment_status":"closed","ping_status":"closed","sticky":false,"template":"","format":"standard","meta":{"footnotes":""},"categories":[1],"tags":[],"class_list":["post-528","post","type-post","status-publish","format-standard","has-post-thumbnail","hentry","category-non-classe"],"yoast_head":"<!-- This site is optimized with the Yoast SEO plugin v25.5 - https:\/\/yoast.com\/wordpress\/plugins\/seo\/ -->\n<title>Wystawa fotografii \u201cKLIK w dzielnic\u0119 - Rury&quot; ruszy\u0142a w miasto - Fundacja KLIK<\/title>\n<meta name=\"robots\" content=\"index, follow, max-snippet:-1, max-image-preview:large, max-video-preview:-1\" \/>\n<link rel=\"canonical\" href=\"https:\/\/fundacjaklik.pl\/index.php\/2025\/01\/10\/wystawa-fotografii-klik-w-dzielnice-rury-ruszyla-w-miasto\/\" \/>\n<meta property=\"og:locale\" content=\"pl_PL\" \/>\n<meta property=\"og:type\" content=\"article\" \/>\n<meta property=\"og:title\" content=\"Wystawa fotografii \u201cKLIK w dzielnic\u0119 - Rury&quot; ruszy\u0142a w miasto - Fundacja KLIK\" \/>\n<meta property=\"og:description\" content=\"&nbsp;Mo\u017cna j\u0105 ogl\u0105da\u0107 w go\u015bcinnych progach Filii nr 24 Miejskiej Biblioteki Publicznej im. H. \u0141opaci\u0144skiego w Lublinie przy ul. Juranda 7 &nbsp;Wystawa dost\u0119pna jest w godzinach pracy biblioteki:poniedzia\u0142ek, \u015broda, pi\u0105tek &#8211; 10.00 &#8211; 18.00wtorek, czwartek &#8211; 10.00 &#8211; 16.00 &nbsp;Mo\u017cecie j\u0105 ogl\u0105da\u0107 do 3 lutego 2025 r. Prace przygotowa\u0142y uczestniczki &hellip;\" \/>\n<meta property=\"og:url\" content=\"https:\/\/fundacjaklik.pl\/index.php\/2025\/01\/10\/wystawa-fotografii-klik-w-dzielnice-rury-ruszyla-w-miasto\/\" \/>\n<meta property=\"og:site_name\" content=\"Fundacja KLIK\" \/>\n<meta property=\"article:published_time\" content=\"2025-01-10T12:43:41+00:00\" \/>\n<meta property=\"article:modified_time\" content=\"2025-02-21T12:49:24+00:00\" \/>\n<meta property=\"og:image\" content=\"https:\/\/fundacjaklik.pl\/wp-content\/uploads\/2025\/02\/473245464_1003637495124355_1545805936763959597_n.jpg\" \/>\n\t<meta property=\"og:image:width\" content=\"1640\" \/>\n\t<meta property=\"og:image:height\" content=\"924\" \/>\n\t<meta property=\"og:image:type\" content=\"image\/jpeg\" \/>\n<meta name=\"author\" content=\"admin7379\" \/>\n<meta name=\"twitter:card\" content=\"summary_large_image\" \/>\n<meta name=\"twitter:label1\" content=\"Napisane przez\" \/>\n\t<meta name=\"twitter:data1\" content=\"admin7379\" \/>\n\t<meta name=\"twitter:label2\" content=\"Szacowany czas czytania\" \/>\n\t<meta name=\"twitter:data2\" content=\"3 minuty\" \/>\n<script type=\"application\/ld+json\" class=\"yoast-schema-graph\">{\"@context\":\"https:\/\/schema.org\",\"@graph\":[{\"@type\":\"Article\",\"@id\":\"https:\/\/fundacjaklik.pl\/index.php\/2025\/01\/10\/wystawa-fotografii-klik-w-dzielnice-rury-ruszyla-w-miasto\/#article\",\"isPartOf\":{\"@id\":\"https:\/\/fundacjaklik.pl\/index.php\/2025\/01\/10\/wystawa-fotografii-klik-w-dzielnice-rury-ruszyla-w-miasto\/\"},\"author\":{\"name\":\"admin7379\",\"@id\":\"https:\/\/fundacjaklik.pl\/#\/schema\/person\/0bdb17db29f63d0dd2dacf8e6faee9a3\"},\"headline\":\"Wystawa fotografii \u201cKLIK w dzielnic\u0119 &#8211; Rury&#8221; ruszy\u0142a w miasto\",\"datePublished\":\"2025-01-10T12:43:41+00:00\",\"dateModified\":\"2025-02-21T12:49:24+00:00\",\"mainEntityOfPage\":{\"@id\":\"https:\/\/fundacjaklik.pl\/index.php\/2025\/01\/10\/wystawa-fotografii-klik-w-dzielnice-rury-ruszyla-w-miasto\/\"},\"wordCount\":248,\"publisher\":{\"@id\":\"https:\/\/fundacjaklik.pl\/#organization\"},\"image\":{\"@id\":\"https:\/\/fundacjaklik.pl\/index.php\/2025\/01\/10\/wystawa-fotografii-klik-w-dzielnice-rury-ruszyla-w-miasto\/#primaryimage\"},\"thumbnailUrl\":\"https:\/\/fundacjaklik.pl\/wp-content\/uploads\/2025\/02\/473245464_1003637495124355_1545805936763959597_n.jpg\",\"articleSection\":[\"Non class\u00e9\"],\"inLanguage\":\"pl-PL\"},{\"@type\":\"WebPage\",\"@id\":\"https:\/\/fundacjaklik.pl\/index.php\/2025\/01\/10\/wystawa-fotografii-klik-w-dzielnice-rury-ruszyla-w-miasto\/\",\"url\":\"https:\/\/fundacjaklik.pl\/index.php\/2025\/01\/10\/wystawa-fotografii-klik-w-dzielnice-rury-ruszyla-w-miasto\/\",\"name\":\"Wystawa fotografii \u201cKLIK w dzielnic\u0119 - Rury\\\" ruszy\u0142a w miasto - Fundacja KLIK\",\"isPartOf\":{\"@id\":\"https:\/\/fundacjaklik.pl\/#website\"},\"primaryImageOfPage\":{\"@id\":\"https:\/\/fundacjaklik.pl\/index.php\/2025\/01\/10\/wystawa-fotografii-klik-w-dzielnice-rury-ruszyla-w-miasto\/#primaryimage\"},\"image\":{\"@id\":\"https:\/\/fundacjaklik.pl\/index.php\/2025\/01\/10\/wystawa-fotografii-klik-w-dzielnice-rury-ruszyla-w-miasto\/#primaryimage\"},\"thumbnailUrl\":\"https:\/\/fundacjaklik.pl\/wp-content\/uploads\/2025\/02\/473245464_1003637495124355_1545805936763959597_n.jpg\",\"datePublished\":\"2025-01-10T12:43:41+00:00\",\"dateModified\":\"2025-02-21T12:49:24+00:00\",\"breadcrumb\":{\"@id\":\"https:\/\/fundacjaklik.pl\/index.php\/2025\/01\/10\/wystawa-fotografii-klik-w-dzielnice-rury-ruszyla-w-miasto\/#breadcrumb\"},\"inLanguage\":\"pl-PL\",\"potentialAction\":[{\"@type\":\"ReadAction\",\"target\":[\"https:\/\/fundacjaklik.pl\/index.php\/2025\/01\/10\/wystawa-fotografii-klik-w-dzielnice-rury-ruszyla-w-miasto\/\"]}]},{\"@type\":\"ImageObject\",\"inLanguage\":\"pl-PL\",\"@id\":\"https:\/\/fundacjaklik.pl\/index.php\/2025\/01\/10\/wystawa-fotografii-klik-w-dzielnice-rury-ruszyla-w-miasto\/#primaryimage\",\"url\":\"https:\/\/fundacjaklik.pl\/wp-content\/uploads\/2025\/02\/473245464_1003637495124355_1545805936763959597_n.jpg\",\"contentUrl\":\"https:\/\/fundacjaklik.pl\/wp-content\/uploads\/2025\/02\/473245464_1003637495124355_1545805936763959597_n.jpg\",\"width\":1640,\"height\":924},{\"@type\":\"BreadcrumbList\",\"@id\":\"https:\/\/fundacjaklik.pl\/index.php\/2025\/01\/10\/wystawa-fotografii-klik-w-dzielnice-rury-ruszyla-w-miasto\/#breadcrumb\",\"itemListElement\":[{\"@type\":\"ListItem\",\"position\":1,\"name\":\"Strona g\u0142\u00f3wna\",\"item\":\"https:\/\/fundacjaklik.pl\/\"},{\"@type\":\"ListItem\",\"position\":2,\"name\":\"Wystawa fotografii \u201cKLIK w dzielnic\u0119 &#8211; Rury&#8221; ruszy\u0142a w miasto\"}]},{\"@type\":\"WebSite\",\"@id\":\"https:\/\/fundacjaklik.pl\/#website\",\"url\":\"https:\/\/fundacjaklik.pl\/\",\"name\":\"Fundacja KLIK\",\"description\":\"Fundacja KLIK tworzy przestrze\u0144 dla os\u00f3b chc\u0105cych rozwija\u0107 si\u0119 w r\u00f3\u017cnych dziedzinach kultury, dzia\u0142alno\u015bci artystycznej i edukacji.\",\"publisher\":{\"@id\":\"https:\/\/fundacjaklik.pl\/#organization\"},\"potentialAction\":[{\"@type\":\"SearchAction\",\"target\":{\"@type\":\"EntryPoint\",\"urlTemplate\":\"https:\/\/fundacjaklik.pl\/?s={search_term_string}\"},\"query-input\":{\"@type\":\"PropertyValueSpecification\",\"valueRequired\":true,\"valueName\":\"search_term_string\"}}],\"inLanguage\":\"pl-PL\"},{\"@type\":\"Organization\",\"@id\":\"https:\/\/fundacjaklik.pl\/#organization\",\"name\":\"Fundacja KLIK\",\"url\":\"https:\/\/fundacjaklik.pl\/\",\"logo\":{\"@type\":\"ImageObject\",\"inLanguage\":\"pl-PL\",\"@id\":\"https:\/\/fundacjaklik.pl\/#\/schema\/logo\/image\/\",\"url\":\"https:\/\/fundacjaklik.pl\/wp-content\/uploads\/2023\/10\/cropped-Projekt-bez-nazwy.png\",\"contentUrl\":\"https:\/\/fundacjaklik.pl\/wp-content\/uploads\/2023\/10\/cropped-Projekt-bez-nazwy.png\",\"width\":384,\"height\":264,\"caption\":\"Fundacja KLIK\"},\"image\":{\"@id\":\"https:\/\/fundacjaklik.pl\/#\/schema\/logo\/image\/\"}},{\"@type\":\"Person\",\"@id\":\"https:\/\/fundacjaklik.pl\/#\/schema\/person\/0bdb17db29f63d0dd2dacf8e6faee9a3\",\"name\":\"admin7379\",\"sameAs\":[\"http:\/\/fundacjaklik.pl\"],\"url\":\"https:\/\/fundacjaklik.pl\/index.php\/author\/admin7379\/\"}]}<\/script>\n<!-- \/ Yoast SEO plugin. -->","yoast_head_json":{"title":"Wystawa fotografii \u201cKLIK w dzielnic\u0119 - Rury\" ruszy\u0142a w miasto - Fundacja KLIK","robots":{"index":"index","follow":"follow","max-snippet":"max-snippet:-1","max-image-preview":"max-image-preview:large","max-video-preview":"max-video-preview:-1"},"canonical":"https:\/\/fundacjaklik.pl\/index.php\/2025\/01\/10\/wystawa-fotografii-klik-w-dzielnice-rury-ruszyla-w-miasto\/","og_locale":"pl_PL","og_type":"article","og_title":"Wystawa fotografii \u201cKLIK w dzielnic\u0119 - Rury\" ruszy\u0142a w miasto - Fundacja KLIK","og_description":"&nbsp;Mo\u017cna j\u0105 ogl\u0105da\u0107 w go\u015bcinnych progach Filii nr 24 Miejskiej Biblioteki Publicznej im. H. \u0141opaci\u0144skiego w Lublinie przy ul. Juranda 7 &nbsp;Wystawa dost\u0119pna jest w godzinach pracy biblioteki:poniedzia\u0142ek, \u015broda, pi\u0105tek &#8211; 10.00 &#8211; 18.00wtorek, czwartek &#8211; 10.00 &#8211; 16.00 &nbsp;Mo\u017cecie j\u0105 ogl\u0105da\u0107 do 3 lutego 2025 r. Prace przygotowa\u0142y uczestniczki &hellip;","og_url":"https:\/\/fundacjaklik.pl\/index.php\/2025\/01\/10\/wystawa-fotografii-klik-w-dzielnice-rury-ruszyla-w-miasto\/","og_site_name":"Fundacja KLIK","article_published_time":"2025-01-10T12:43:41+00:00","article_modified_time":"2025-02-21T12:49:24+00:00","og_image":[{"width":1640,"height":924,"url":"https:\/\/fundacjaklik.pl\/wp-content\/uploads\/2025\/02\/473245464_1003637495124355_1545805936763959597_n.jpg","type":"image\/jpeg"}],"author":"admin7379","twitter_card":"summary_large_image","twitter_misc":{"Napisane przez":"admin7379","Szacowany czas czytania":"3 minuty"},"schema":{"@context":"https:\/\/schema.org","@graph":[{"@type":"Article","@id":"https:\/\/fundacjaklik.pl\/index.php\/2025\/01\/10\/wystawa-fotografii-klik-w-dzielnice-rury-ruszyla-w-miasto\/#article","isPartOf":{"@id":"https:\/\/fundacjaklik.pl\/index.php\/2025\/01\/10\/wystawa-fotografii-klik-w-dzielnice-rury-ruszyla-w-miasto\/"},"author":{"name":"admin7379","@id":"https:\/\/fundacjaklik.pl\/#\/schema\/person\/0bdb17db29f63d0dd2dacf8e6faee9a3"},"headline":"Wystawa fotografii \u201cKLIK w dzielnic\u0119 &#8211; Rury&#8221; ruszy\u0142a w miasto","datePublished":"2025-01-10T12:43:41+00:00","dateModified":"2025-02-21T12:49:24+00:00","mainEntityOfPage":{"@id":"https:\/\/fundacjaklik.pl\/index.php\/2025\/01\/10\/wystawa-fotografii-klik-w-dzielnice-rury-ruszyla-w-miasto\/"},"wordCount":248,"publisher":{"@id":"https:\/\/fundacjaklik.pl\/#organization"},"image":{"@id":"https:\/\/fundacjaklik.pl\/index.php\/2025\/01\/10\/wystawa-fotografii-klik-w-dzielnice-rury-ruszyla-w-miasto\/#primaryimage"},"thumbnailUrl":"https:\/\/fundacjaklik.pl\/wp-content\/uploads\/2025\/02\/473245464_1003637495124355_1545805936763959597_n.jpg","articleSection":["Non class\u00e9"],"inLanguage":"pl-PL"},{"@type":"WebPage","@id":"https:\/\/fundacjaklik.pl\/index.php\/2025\/01\/10\/wystawa-fotografii-klik-w-dzielnice-rury-ruszyla-w-miasto\/","url":"https:\/\/fundacjaklik.pl\/index.php\/2025\/01\/10\/wystawa-fotografii-klik-w-dzielnice-rury-ruszyla-w-miasto\/","name":"Wystawa fotografii \u201cKLIK w dzielnic\u0119 - Rury\" ruszy\u0142a w miasto - Fundacja KLIK","isPartOf":{"@id":"https:\/\/fundacjaklik.pl\/#website"},"primaryImageOfPage":{"@id":"https:\/\/fundacjaklik.pl\/index.php\/2025\/01\/10\/wystawa-fotografii-klik-w-dzielnice-rury-ruszyla-w-miasto\/#primaryimage"},"image":{"@id":"https:\/\/fundacjaklik.pl\/index.php\/2025\/01\/10\/wystawa-fotografii-klik-w-dzielnice-rury-ruszyla-w-miasto\/#primaryimage"},"thumbnailUrl":"https:\/\/fundacjaklik.pl\/wp-content\/uploads\/2025\/02\/473245464_1003637495124355_1545805936763959597_n.jpg","datePublished":"2025-01-10T12:43:41+00:00","dateModified":"2025-02-21T12:49:24+00:00","breadcrumb":{"@id":"https:\/\/fundacjaklik.pl\/index.php\/2025\/01\/10\/wystawa-fotografii-klik-w-dzielnice-rury-ruszyla-w-miasto\/#breadcrumb"},"inLanguage":"pl-PL","potentialAction":[{"@type":"ReadAction","target":["https:\/\/fundacjaklik.pl\/index.php\/2025\/01\/10\/wystawa-fotografii-klik-w-dzielnice-rury-ruszyla-w-miasto\/"]}]},{"@type":"ImageObject","inLanguage":"pl-PL","@id":"https:\/\/fundacjaklik.pl\/index.php\/2025\/01\/10\/wystawa-fotografii-klik-w-dzielnice-rury-ruszyla-w-miasto\/#primaryimage","url":"https:\/\/fundacjaklik.pl\/wp-content\/uploads\/2025\/02\/473245464_1003637495124355_1545805936763959597_n.jpg","contentUrl":"https:\/\/fundacjaklik.pl\/wp-content\/uploads\/2025\/02\/473245464_1003637495124355_1545805936763959597_n.jpg","width":1640,"height":924},{"@type":"BreadcrumbList","@id":"https:\/\/fundacjaklik.pl\/index.php\/2025\/01\/10\/wystawa-fotografii-klik-w-dzielnice-rury-ruszyla-w-miasto\/#breadcrumb","itemListElement":[{"@type":"ListItem","position":1,"name":"Strona g\u0142\u00f3wna","item":"https:\/\/fundacjaklik.pl\/"},{"@type":"ListItem","position":2,"name":"Wystawa fotografii \u201cKLIK w dzielnic\u0119 &#8211; Rury&#8221; ruszy\u0142a w miasto"}]},{"@type":"WebSite","@id":"https:\/\/fundacjaklik.pl\/#website","url":"https:\/\/fundacjaklik.pl\/","name":"Fundacja KLIK","description":"Fundacja KLIK tworzy przestrze\u0144 dla os\u00f3b chc\u0105cych rozwija\u0107 si\u0119 w r\u00f3\u017cnych dziedzinach kultury, dzia\u0142alno\u015bci artystycznej i edukacji.","publisher":{"@id":"https:\/\/fundacjaklik.pl\/#organization"},"potentialAction":[{"@type":"SearchAction","target":{"@type":"EntryPoint","urlTemplate":"https:\/\/fundacjaklik.pl\/?s={search_term_string}"},"query-input":{"@type":"PropertyValueSpecification","valueRequired":true,"valueName":"search_term_string"}}],"inLanguage":"pl-PL"},{"@type":"Organization","@id":"https:\/\/fundacjaklik.pl\/#organization","name":"Fundacja KLIK","url":"https:\/\/fundacjaklik.pl\/","logo":{"@type":"ImageObject","inLanguage":"pl-PL","@id":"https:\/\/fundacjaklik.pl\/#\/schema\/logo\/image\/","url":"https:\/\/fundacjaklik.pl\/wp-content\/uploads\/2023\/10\/cropped-Projekt-bez-nazwy.png","contentUrl":"https:\/\/fundacjaklik.pl\/wp-content\/uploads\/2023\/10\/cropped-Projekt-bez-nazwy.png","width":384,"height":264,"caption":"Fundacja KLIK"},"image":{"@id":"https:\/\/fundacjaklik.pl\/#\/schema\/logo\/image\/"}},{"@type":"Person","@id":"https:\/\/fundacjaklik.pl\/#\/schema\/person\/0bdb17db29f63d0dd2dacf8e6faee9a3","name":"admin7379","sameAs":["http:\/\/fundacjaklik.pl"],"url":"https:\/\/fundacjaklik.pl\/index.php\/author\/admin7379\/"}]}},"_links":{"self":[{"href":"https:\/\/fundacjaklik.pl\/index.php\/wp-json\/wp\/v2\/posts\/528","targetHints":{"allow":["GET"]}}],"collection":[{"href":"https:\/\/fundacjaklik.pl\/index.php\/wp-json\/wp\/v2\/posts"}],"about":[{"href":"https:\/\/fundacjaklik.pl\/index.php\/wp-json\/wp\/v2\/types\/post"}],"author":[{"embeddable":true,"href":"https:\/\/fundacjaklik.pl\/index.php\/wp-json\/wp\/v2\/users\/1"}],"replies":[{"embeddable":true,"href":"https:\/\/fundacjaklik.pl\/index.php\/wp-json\/wp\/v2\/comments?post=528"}],"version-history":[{"count":2,"href":"https:\/\/fundacjaklik.pl\/index.php\/wp-json\/wp\/v2\/posts\/528\/revisions"}],"predecessor-version":[{"id":531,"href":"https:\/\/fundacjaklik.pl\/index.php\/wp-json\/wp\/v2\/posts\/528\/revisions\/531"}],"wp:featuredmedia":[{"embeddable":true,"href":"https:\/\/fundacjaklik.pl\/index.php\/wp-json\/wp\/v2\/media\/529"}],"wp:attachment":[{"href":"https:\/\/fundacjaklik.pl\/index.php\/wp-json\/wp\/v2\/media?parent=528"}],"wp:term":[{"taxonomy":"category","embeddable":true,"href":"https:\/\/fundacjaklik.pl\/index.php\/wp-json\/wp\/v2\/categories?post=528"},{"taxonomy":"post_tag","embeddable":true,"href":"https:\/\/fundacjaklik.pl\/index.php\/wp-json\/wp\/v2\/tags?post=528"}],"curies":[{"name":"wp","href":"https:\/\/api.w.org\/{rel}","templated":true}]}}