{"id":524,"date":"2024-11-29T13:40:35","date_gmt":"2024-11-29T12:40:35","guid":{"rendered":"https:\/\/fundacjaklik.pl\/?p=524"},"modified":"2025-02-21T13:43:04","modified_gmt":"2025-02-21T12:43:04","slug":"wernisaz-wystawy-klik-w-dzielnice-rury","status":"publish","type":"post","link":"https:\/\/fundacjaklik.pl\/index.php\/2024\/11\/29\/wernisaz-wystawy-klik-w-dzielnice-rury\/","title":{"rendered":"Wernisa\u017c wystawy &#8220;KLIK w dzielnic\u0119 &#8211; Rury&#8221;"},"content":{"rendered":"\n<p>Czas podsumowa\u0107 \u201cKLIK w dzielnic\u0119: Rury&#8221;.<\/p>\n\n\n\n<p>Zapraszamy na wernisa\u017c zdj\u0119\u0107 po\u0142\u0105czony z ods\u0142uchem materia\u0142u d\u017awi\u0119kowego. Prace przygotowa\u0142y uczestniczki warsztat\u00f3w radiowych i fotograficznych. B\u0119dziecie mieli okazj\u0119 zobaczy\u0107 i us\u0142ysze\u0107, na co zwracamy uwag\u0119, co rzuca nam si\u0119 w oczy i jakie historie zwi\u0105zane z tym miejscem zapadaj\u0105 nam w pami\u0119ci. Co nas zachwyca i jak chcemy o tej dzielnicy opowiada\u0107.<\/p>\n\n\n\n<p><img decoding=\"async\" height=\"16\" width=\"16\" alt=\"\ud83d\udccc\" src=\"https:\/\/static.xx.fbcdn.net\/images\/emoji.php\/v9\/tea\/3\/16\/1f4cc.png\"> Sobota, 7 grudnia 2024 r., godz. 17 w Jazzymotion Studio przy ul. Jana Sawy 6<\/p>\n\n\n\n<p><a><\/a>WST\u0118P WOLNY<\/p>\n\n\n\n<p>Projekt \u201cKLIK w dzielnic\u0119: Rury&#8221; to po\u0142\u0105czenie warsztat\u00f3w: radiowych oraz fotografii cyfrowej telefonem. Chcemy spojrze\u0107 na Rury oczami jej mieszka\u0144c\u00f3w, a tak\u017ce os\u00f3b, kt\u00f3re cho\u0107 nie mieszkaj\u0105 w tej dzielnicy, maj\u0105 do niej sentyment.<\/p>\n\n\n\n<p>Warsztaty poprowadzili: Maks Skrzeczkowski &#8211; fotograficzne , a radiowe &#8211; Agnieszka J\u00f3zwik. Dodatkowo, podczas mentoringu fotograficznego i radiowego uczestniczki pracowa\u0142y nad swoimi zdj\u0119ciami i monta\u017cem d\u017awi\u0119ku.<\/p>\n\n\n\n<p>Projekt jest realizowany ze \u015brodk\u00f3w Miasta Lublin w ramach Programu Dzielnice Kultury.<\/p>\n\n\n\n<p>Do zobaczenia!<\/p>\n\n\n\n<p>Efekty projektu mo\u017cesz te\u017c zobaczy\u0107 i us\u0142ysze\u0107 na naszej <a href=\"https:\/\/fundacjaklik.pl\/index.php\/nasze-projekty\/elementor-487\/\">stronie internetowej<\/a>.<\/p>\n\n\n\n<p><\/p>\n","protected":false},"excerpt":{"rendered":"<p>Czas podsumowa\u0107 \u201cKLIK w dzielnic\u0119: Rury&#8221;. Zapraszamy na wernisa\u017c zdj\u0119\u0107 po\u0142\u0105czony z ods\u0142uchem materia\u0142u d\u017awi\u0119kowego. Prace przygotowa\u0142y uczestniczki warsztat\u00f3w radiowych i fotograficznych. B\u0119dziecie mieli okazj\u0119 zobaczy\u0107 i us\u0142ysze\u0107, na co zwracamy uwag\u0119, co rzuca nam si\u0119 w oczy i jakie historie zwi\u0105zane z tym miejscem zapadaj\u0105 nam w pami\u0119ci. Co &hellip;<\/p>\n","protected":false},"author":1,"featured_media":525,"comment_status":"closed","ping_status":"closed","sticky":false,"template":"","format":"standard","meta":{"footnotes":""},"categories":[1],"tags":[],"class_list":["post-524","post","type-post","status-publish","format-standard","has-post-thumbnail","hentry","category-non-classe"],"yoast_head":"<!-- This site is optimized with the Yoast SEO plugin v25.5 - https:\/\/yoast.com\/wordpress\/plugins\/seo\/ -->\n<title>Wernisa\u017c wystawy &quot;KLIK w dzielnic\u0119 - Rury&quot; - Fundacja KLIK<\/title>\n<meta name=\"robots\" content=\"index, follow, max-snippet:-1, max-image-preview:large, max-video-preview:-1\" \/>\n<link rel=\"canonical\" href=\"https:\/\/fundacjaklik.pl\/index.php\/2024\/11\/29\/wernisaz-wystawy-klik-w-dzielnice-rury\/\" \/>\n<meta property=\"og:locale\" content=\"pl_PL\" \/>\n<meta property=\"og:type\" content=\"article\" \/>\n<meta property=\"og:title\" content=\"Wernisa\u017c wystawy &quot;KLIK w dzielnic\u0119 - Rury&quot; - Fundacja KLIK\" \/>\n<meta property=\"og:description\" content=\"Czas podsumowa\u0107 \u201cKLIK w dzielnic\u0119: Rury&#8221;. Zapraszamy na wernisa\u017c zdj\u0119\u0107 po\u0142\u0105czony z ods\u0142uchem materia\u0142u d\u017awi\u0119kowego. Prace przygotowa\u0142y uczestniczki warsztat\u00f3w radiowych i fotograficznych. B\u0119dziecie mieli okazj\u0119 zobaczy\u0107 i us\u0142ysze\u0107, na co zwracamy uwag\u0119, co rzuca nam si\u0119 w oczy i jakie historie zwi\u0105zane z tym miejscem zapadaj\u0105 nam w pami\u0119ci. Co &hellip;\" \/>\n<meta property=\"og:url\" content=\"https:\/\/fundacjaklik.pl\/index.php\/2024\/11\/29\/wernisaz-wystawy-klik-w-dzielnice-rury\/\" \/>\n<meta property=\"og:site_name\" content=\"Fundacja KLIK\" \/>\n<meta property=\"article:published_time\" content=\"2024-11-29T12:40:35+00:00\" \/>\n<meta property=\"article:modified_time\" content=\"2025-02-21T12:43:04+00:00\" \/>\n<meta property=\"og:image\" content=\"https:\/\/fundacjaklik.pl\/wp-content\/uploads\/2025\/02\/Szablon-KLIK-3.png\" \/>\n\t<meta property=\"og:image:width\" content=\"1640\" \/>\n\t<meta property=\"og:image:height\" content=\"924\" \/>\n\t<meta property=\"og:image:type\" content=\"image\/png\" \/>\n<meta name=\"author\" content=\"admin7379\" \/>\n<meta name=\"twitter:card\" content=\"summary_large_image\" \/>\n<meta name=\"twitter:label1\" content=\"Napisane przez\" \/>\n\t<meta name=\"twitter:data1\" content=\"admin7379\" \/>\n\t<meta name=\"twitter:label2\" content=\"Szacowany czas czytania\" \/>\n\t<meta name=\"twitter:data2\" content=\"2 minuty\" \/>\n<script type=\"application\/ld+json\" class=\"yoast-schema-graph\">{\"@context\":\"https:\/\/schema.org\",\"@graph\":[{\"@type\":\"Article\",\"@id\":\"https:\/\/fundacjaklik.pl\/index.php\/2024\/11\/29\/wernisaz-wystawy-klik-w-dzielnice-rury\/#article\",\"isPartOf\":{\"@id\":\"https:\/\/fundacjaklik.pl\/index.php\/2024\/11\/29\/wernisaz-wystawy-klik-w-dzielnice-rury\/\"},\"author\":{\"name\":\"admin7379\",\"@id\":\"https:\/\/fundacjaklik.pl\/#\/schema\/person\/0bdb17db29f63d0dd2dacf8e6faee9a3\"},\"headline\":\"Wernisa\u017c wystawy &#8220;KLIK w dzielnic\u0119 &#8211; Rury&#8221;\",\"datePublished\":\"2024-11-29T12:40:35+00:00\",\"dateModified\":\"2025-02-21T12:43:04+00:00\",\"mainEntityOfPage\":{\"@id\":\"https:\/\/fundacjaklik.pl\/index.php\/2024\/11\/29\/wernisaz-wystawy-klik-w-dzielnice-rury\/\"},\"wordCount\":191,\"publisher\":{\"@id\":\"https:\/\/fundacjaklik.pl\/#organization\"},\"image\":{\"@id\":\"https:\/\/fundacjaklik.pl\/index.php\/2024\/11\/29\/wernisaz-wystawy-klik-w-dzielnice-rury\/#primaryimage\"},\"thumbnailUrl\":\"https:\/\/fundacjaklik.pl\/wp-content\/uploads\/2025\/02\/Szablon-KLIK-3.png\",\"articleSection\":[\"Non class\u00e9\"],\"inLanguage\":\"pl-PL\"},{\"@type\":\"WebPage\",\"@id\":\"https:\/\/fundacjaklik.pl\/index.php\/2024\/11\/29\/wernisaz-wystawy-klik-w-dzielnice-rury\/\",\"url\":\"https:\/\/fundacjaklik.pl\/index.php\/2024\/11\/29\/wernisaz-wystawy-klik-w-dzielnice-rury\/\",\"name\":\"Wernisa\u017c wystawy \\\"KLIK w dzielnic\u0119 - Rury\\\" - Fundacja KLIK\",\"isPartOf\":{\"@id\":\"https:\/\/fundacjaklik.pl\/#website\"},\"primaryImageOfPage\":{\"@id\":\"https:\/\/fundacjaklik.pl\/index.php\/2024\/11\/29\/wernisaz-wystawy-klik-w-dzielnice-rury\/#primaryimage\"},\"image\":{\"@id\":\"https:\/\/fundacjaklik.pl\/index.php\/2024\/11\/29\/wernisaz-wystawy-klik-w-dzielnice-rury\/#primaryimage\"},\"thumbnailUrl\":\"https:\/\/fundacjaklik.pl\/wp-content\/uploads\/2025\/02\/Szablon-KLIK-3.png\",\"datePublished\":\"2024-11-29T12:40:35+00:00\",\"dateModified\":\"2025-02-21T12:43:04+00:00\",\"breadcrumb\":{\"@id\":\"https:\/\/fundacjaklik.pl\/index.php\/2024\/11\/29\/wernisaz-wystawy-klik-w-dzielnice-rury\/#breadcrumb\"},\"inLanguage\":\"pl-PL\",\"potentialAction\":[{\"@type\":\"ReadAction\",\"target\":[\"https:\/\/fundacjaklik.pl\/index.php\/2024\/11\/29\/wernisaz-wystawy-klik-w-dzielnice-rury\/\"]}]},{\"@type\":\"ImageObject\",\"inLanguage\":\"pl-PL\",\"@id\":\"https:\/\/fundacjaklik.pl\/index.php\/2024\/11\/29\/wernisaz-wystawy-klik-w-dzielnice-rury\/#primaryimage\",\"url\":\"https:\/\/fundacjaklik.pl\/wp-content\/uploads\/2025\/02\/Szablon-KLIK-3.png\",\"contentUrl\":\"https:\/\/fundacjaklik.pl\/wp-content\/uploads\/2025\/02\/Szablon-KLIK-3.png\",\"width\":1640,\"height\":924},{\"@type\":\"BreadcrumbList\",\"@id\":\"https:\/\/fundacjaklik.pl\/index.php\/2024\/11\/29\/wernisaz-wystawy-klik-w-dzielnice-rury\/#breadcrumb\",\"itemListElement\":[{\"@type\":\"ListItem\",\"position\":1,\"name\":\"Strona g\u0142\u00f3wna\",\"item\":\"https:\/\/fundacjaklik.pl\/\"},{\"@type\":\"ListItem\",\"position\":2,\"name\":\"Wernisa\u017c wystawy &#8220;KLIK w dzielnic\u0119 &#8211; Rury&#8221;\"}]},{\"@type\":\"WebSite\",\"@id\":\"https:\/\/fundacjaklik.pl\/#website\",\"url\":\"https:\/\/fundacjaklik.pl\/\",\"name\":\"Fundacja KLIK\",\"description\":\"Fundacja KLIK tworzy przestrze\u0144 dla os\u00f3b chc\u0105cych rozwija\u0107 si\u0119 w r\u00f3\u017cnych dziedzinach kultury, dzia\u0142alno\u015bci artystycznej i edukacji.\",\"publisher\":{\"@id\":\"https:\/\/fundacjaklik.pl\/#organization\"},\"potentialAction\":[{\"@type\":\"SearchAction\",\"target\":{\"@type\":\"EntryPoint\",\"urlTemplate\":\"https:\/\/fundacjaklik.pl\/?s={search_term_string}\"},\"query-input\":{\"@type\":\"PropertyValueSpecification\",\"valueRequired\":true,\"valueName\":\"search_term_string\"}}],\"inLanguage\":\"pl-PL\"},{\"@type\":\"Organization\",\"@id\":\"https:\/\/fundacjaklik.pl\/#organization\",\"name\":\"Fundacja KLIK\",\"url\":\"https:\/\/fundacjaklik.pl\/\",\"logo\":{\"@type\":\"ImageObject\",\"inLanguage\":\"pl-PL\",\"@id\":\"https:\/\/fundacjaklik.pl\/#\/schema\/logo\/image\/\",\"url\":\"https:\/\/fundacjaklik.pl\/wp-content\/uploads\/2023\/10\/cropped-Projekt-bez-nazwy.png\",\"contentUrl\":\"https:\/\/fundacjaklik.pl\/wp-content\/uploads\/2023\/10\/cropped-Projekt-bez-nazwy.png\",\"width\":384,\"height\":264,\"caption\":\"Fundacja KLIK\"},\"image\":{\"@id\":\"https:\/\/fundacjaklik.pl\/#\/schema\/logo\/image\/\"}},{\"@type\":\"Person\",\"@id\":\"https:\/\/fundacjaklik.pl\/#\/schema\/person\/0bdb17db29f63d0dd2dacf8e6faee9a3\",\"name\":\"admin7379\",\"sameAs\":[\"http:\/\/fundacjaklik.pl\"],\"url\":\"https:\/\/fundacjaklik.pl\/index.php\/author\/admin7379\/\"}]}<\/script>\n<!-- \/ Yoast SEO plugin. -->","yoast_head_json":{"title":"Wernisa\u017c wystawy \"KLIK w dzielnic\u0119 - Rury\" - Fundacja KLIK","robots":{"index":"index","follow":"follow","max-snippet":"max-snippet:-1","max-image-preview":"max-image-preview:large","max-video-preview":"max-video-preview:-1"},"canonical":"https:\/\/fundacjaklik.pl\/index.php\/2024\/11\/29\/wernisaz-wystawy-klik-w-dzielnice-rury\/","og_locale":"pl_PL","og_type":"article","og_title":"Wernisa\u017c wystawy \"KLIK w dzielnic\u0119 - Rury\" - Fundacja KLIK","og_description":"Czas podsumowa\u0107 \u201cKLIK w dzielnic\u0119: Rury&#8221;. Zapraszamy na wernisa\u017c zdj\u0119\u0107 po\u0142\u0105czony z ods\u0142uchem materia\u0142u d\u017awi\u0119kowego. Prace przygotowa\u0142y uczestniczki warsztat\u00f3w radiowych i fotograficznych. B\u0119dziecie mieli okazj\u0119 zobaczy\u0107 i us\u0142ysze\u0107, na co zwracamy uwag\u0119, co rzuca nam si\u0119 w oczy i jakie historie zwi\u0105zane z tym miejscem zapadaj\u0105 nam w pami\u0119ci. Co &hellip;","og_url":"https:\/\/fundacjaklik.pl\/index.php\/2024\/11\/29\/wernisaz-wystawy-klik-w-dzielnice-rury\/","og_site_name":"Fundacja KLIK","article_published_time":"2024-11-29T12:40:35+00:00","article_modified_time":"2025-02-21T12:43:04+00:00","og_image":[{"width":1640,"height":924,"url":"https:\/\/fundacjaklik.pl\/wp-content\/uploads\/2025\/02\/Szablon-KLIK-3.png","type":"image\/png"}],"author":"admin7379","twitter_card":"summary_large_image","twitter_misc":{"Napisane przez":"admin7379","Szacowany czas czytania":"2 minuty"},"schema":{"@context":"https:\/\/schema.org","@graph":[{"@type":"Article","@id":"https:\/\/fundacjaklik.pl\/index.php\/2024\/11\/29\/wernisaz-wystawy-klik-w-dzielnice-rury\/#article","isPartOf":{"@id":"https:\/\/fundacjaklik.pl\/index.php\/2024\/11\/29\/wernisaz-wystawy-klik-w-dzielnice-rury\/"},"author":{"name":"admin7379","@id":"https:\/\/fundacjaklik.pl\/#\/schema\/person\/0bdb17db29f63d0dd2dacf8e6faee9a3"},"headline":"Wernisa\u017c wystawy &#8220;KLIK w dzielnic\u0119 &#8211; Rury&#8221;","datePublished":"2024-11-29T12:40:35+00:00","dateModified":"2025-02-21T12:43:04+00:00","mainEntityOfPage":{"@id":"https:\/\/fundacjaklik.pl\/index.php\/2024\/11\/29\/wernisaz-wystawy-klik-w-dzielnice-rury\/"},"wordCount":191,"publisher":{"@id":"https:\/\/fundacjaklik.pl\/#organization"},"image":{"@id":"https:\/\/fundacjaklik.pl\/index.php\/2024\/11\/29\/wernisaz-wystawy-klik-w-dzielnice-rury\/#primaryimage"},"thumbnailUrl":"https:\/\/fundacjaklik.pl\/wp-content\/uploads\/2025\/02\/Szablon-KLIK-3.png","articleSection":["Non class\u00e9"],"inLanguage":"pl-PL"},{"@type":"WebPage","@id":"https:\/\/fundacjaklik.pl\/index.php\/2024\/11\/29\/wernisaz-wystawy-klik-w-dzielnice-rury\/","url":"https:\/\/fundacjaklik.pl\/index.php\/2024\/11\/29\/wernisaz-wystawy-klik-w-dzielnice-rury\/","name":"Wernisa\u017c wystawy \"KLIK w dzielnic\u0119 - Rury\" - Fundacja KLIK","isPartOf":{"@id":"https:\/\/fundacjaklik.pl\/#website"},"primaryImageOfPage":{"@id":"https:\/\/fundacjaklik.pl\/index.php\/2024\/11\/29\/wernisaz-wystawy-klik-w-dzielnice-rury\/#primaryimage"},"image":{"@id":"https:\/\/fundacjaklik.pl\/index.php\/2024\/11\/29\/wernisaz-wystawy-klik-w-dzielnice-rury\/#primaryimage"},"thumbnailUrl":"https:\/\/fundacjaklik.pl\/wp-content\/uploads\/2025\/02\/Szablon-KLIK-3.png","datePublished":"2024-11-29T12:40:35+00:00","dateModified":"2025-02-21T12:43:04+00:00","breadcrumb":{"@id":"https:\/\/fundacjaklik.pl\/index.php\/2024\/11\/29\/wernisaz-wystawy-klik-w-dzielnice-rury\/#breadcrumb"},"inLanguage":"pl-PL","potentialAction":[{"@type":"ReadAction","target":["https:\/\/fundacjaklik.pl\/index.php\/2024\/11\/29\/wernisaz-wystawy-klik-w-dzielnice-rury\/"]}]},{"@type":"ImageObject","inLanguage":"pl-PL","@id":"https:\/\/fundacjaklik.pl\/index.php\/2024\/11\/29\/wernisaz-wystawy-klik-w-dzielnice-rury\/#primaryimage","url":"https:\/\/fundacjaklik.pl\/wp-content\/uploads\/2025\/02\/Szablon-KLIK-3.png","contentUrl":"https:\/\/fundacjaklik.pl\/wp-content\/uploads\/2025\/02\/Szablon-KLIK-3.png","width":1640,"height":924},{"@type":"BreadcrumbList","@id":"https:\/\/fundacjaklik.pl\/index.php\/2024\/11\/29\/wernisaz-wystawy-klik-w-dzielnice-rury\/#breadcrumb","itemListElement":[{"@type":"ListItem","position":1,"name":"Strona g\u0142\u00f3wna","item":"https:\/\/fundacjaklik.pl\/"},{"@type":"ListItem","position":2,"name":"Wernisa\u017c wystawy &#8220;KLIK w dzielnic\u0119 &#8211; Rury&#8221;"}]},{"@type":"WebSite","@id":"https:\/\/fundacjaklik.pl\/#website","url":"https:\/\/fundacjaklik.pl\/","name":"Fundacja KLIK","description":"Fundacja KLIK tworzy przestrze\u0144 dla os\u00f3b chc\u0105cych rozwija\u0107 si\u0119 w r\u00f3\u017cnych dziedzinach kultury, dzia\u0142alno\u015bci artystycznej i edukacji.","publisher":{"@id":"https:\/\/fundacjaklik.pl\/#organization"},"potentialAction":[{"@type":"SearchAction","target":{"@type":"EntryPoint","urlTemplate":"https:\/\/fundacjaklik.pl\/?s={search_term_string}"},"query-input":{"@type":"PropertyValueSpecification","valueRequired":true,"valueName":"search_term_string"}}],"inLanguage":"pl-PL"},{"@type":"Organization","@id":"https:\/\/fundacjaklik.pl\/#organization","name":"Fundacja KLIK","url":"https:\/\/fundacjaklik.pl\/","logo":{"@type":"ImageObject","inLanguage":"pl-PL","@id":"https:\/\/fundacjaklik.pl\/#\/schema\/logo\/image\/","url":"https:\/\/fundacjaklik.pl\/wp-content\/uploads\/2023\/10\/cropped-Projekt-bez-nazwy.png","contentUrl":"https:\/\/fundacjaklik.pl\/wp-content\/uploads\/2023\/10\/cropped-Projekt-bez-nazwy.png","width":384,"height":264,"caption":"Fundacja KLIK"},"image":{"@id":"https:\/\/fundacjaklik.pl\/#\/schema\/logo\/image\/"}},{"@type":"Person","@id":"https:\/\/fundacjaklik.pl\/#\/schema\/person\/0bdb17db29f63d0dd2dacf8e6faee9a3","name":"admin7379","sameAs":["http:\/\/fundacjaklik.pl"],"url":"https:\/\/fundacjaklik.pl\/index.php\/author\/admin7379\/"}]}},"_links":{"self":[{"href":"https:\/\/fundacjaklik.pl\/index.php\/wp-json\/wp\/v2\/posts\/524","targetHints":{"allow":["GET"]}}],"collection":[{"href":"https:\/\/fundacjaklik.pl\/index.php\/wp-json\/wp\/v2\/posts"}],"about":[{"href":"https:\/\/fundacjaklik.pl\/index.php\/wp-json\/wp\/v2\/types\/post"}],"author":[{"embeddable":true,"href":"https:\/\/fundacjaklik.pl\/index.php\/wp-json\/wp\/v2\/users\/1"}],"replies":[{"embeddable":true,"href":"https:\/\/fundacjaklik.pl\/index.php\/wp-json\/wp\/v2\/comments?post=524"}],"version-history":[{"count":2,"href":"https:\/\/fundacjaklik.pl\/index.php\/wp-json\/wp\/v2\/posts\/524\/revisions"}],"predecessor-version":[{"id":527,"href":"https:\/\/fundacjaklik.pl\/index.php\/wp-json\/wp\/v2\/posts\/524\/revisions\/527"}],"wp:featuredmedia":[{"embeddable":true,"href":"https:\/\/fundacjaklik.pl\/index.php\/wp-json\/wp\/v2\/media\/525"}],"wp:attachment":[{"href":"https:\/\/fundacjaklik.pl\/index.php\/wp-json\/wp\/v2\/media?parent=524"}],"wp:term":[{"taxonomy":"category","embeddable":true,"href":"https:\/\/fundacjaklik.pl\/index.php\/wp-json\/wp\/v2\/categories?post=524"},{"taxonomy":"post_tag","embeddable":true,"href":"https:\/\/fundacjaklik.pl\/index.php\/wp-json\/wp\/v2\/tags?post=524"}],"curies":[{"name":"wp","href":"https:\/\/api.w.org\/{rel}","templated":true}]}}