{"id":300,"date":"2024-09-10T13:43:50","date_gmt":"2024-09-10T11:43:50","guid":{"rendered":"https:\/\/fundacjaklik.pl\/?p=300"},"modified":"2024-09-10T13:43:52","modified_gmt":"2024-09-10T11:43:52","slug":"klik-w-dzielnice-rury-ruszyl-nabor","status":"publish","type":"post","link":"https:\/\/fundacjaklik.pl\/index.php\/2024\/09\/10\/klik-w-dzielnice-rury-ruszyl-nabor\/","title":{"rendered":"&#8220;KLIK w dzielnic\u0119 &#8211; RURY&#8221; &#8211; ruszy\u0142 nab\u00f3r"},"content":{"rendered":"\n<p>Mieszkasz\/-\u0142e\u015b\/-a\u015b w dzielnicy Rury? Masz wspomnienia zwi\u0105zane z t\u0105 dzielnic\u0105?<\/p>\n\n\n\n<p>Zapraszamy Ci\u0119 do projektu \u201cKLIK w dzielnic\u0119 &#8211; Rury&#8221;.<\/p>\n\n\n\n<p>Nauczysz si\u0119 fotografii cyfrowej wykonywanej telefonem, a Twoje zdj\u0119cie b\u0119dzie mia\u0142o szans\u0119 pojawi\u0107 si\u0119 na wystawie. Wprowadzimy Ci\u0119 r\u00f3wnie\u017c w \u015bwiat d\u017awi\u0119ku, a za spraw\u0105 warsztat\u00f3w radiowych poznasz tajniki jego nagrywania i monta\u017cu. Przeprowadzisz r\u00f3wnie\u017c wywiady z wybranymi przez siebie osobami i stan\u0105 si\u0119 one bohaterami wi\u0119kszego materia\u0142u d\u017awi\u0119kowego o dzielnicy.<\/p>\n\n\n\n<p>Chcemy spojrze\u0107 na Rury oczami jej mieszka\u0144c\u00f3w, a tak\u017ce os\u00f3b, kt\u00f3re cho\u0107 nie mieszkaj\u0105 w tej dzielnicy, maj\u0105 do niej sentyment. Do projektu \u201cKLIK w dzielnic\u0119 &#8211; Rury&#8221; zapraszamy osoby pe\u0142noletnie.<\/p>\n\n\n\n<p><img decoding=\"async\" height=\"16\" width=\"16\" alt=\"\u23f0\" src=\"https:\/\/static.xx.fbcdn.net\/images\/emoji.php\/v9\/t36\/3\/16\/23f0.png\">&nbsp;Kiedy i gdzie?<\/p>\n\n\n\n<p><img decoding=\"async\" height=\"16\" width=\"16\" alt=\"\ud83d\udccd\" src=\"https:\/\/static.xx.fbcdn.net\/images\/emoji.php\/v9\/t6b\/3\/16\/1f4cd.png\">&nbsp;Sobota, 5 pa\u017adziernika 2024, godz. 10:00-15:00 &#8211; warsztaty fotograficzne w Jazzymotion Studio przy ul. Jana Sawy 6<\/p>\n\n\n\n<p><img decoding=\"async\" height=\"16\" width=\"16\" alt=\"\ud83d\udccd\" src=\"https:\/\/static.xx.fbcdn.net\/images\/emoji.php\/v9\/t6b\/3\/16\/1f4cd.png\">&nbsp;Sobota, 12 pa\u017adziernika 2024, godz. 10:00-15:00 &#8211; warsztaty radiowe w Baobabie, przy ul. Krakowskie Przedmie\u015bcie 39 B<\/p>\n\n\n\n<p><img decoding=\"async\" height=\"16\" width=\"16\" alt=\"\ud83d\udccd\" src=\"https:\/\/static.xx.fbcdn.net\/images\/emoji.php\/v9\/t6b\/3\/16\/1f4cd.png\">&nbsp;Sobota, 26 pa\u017adziernika 2024, godz. 10:00-15:00 &#8211; monta\u017c nagra\u0144 (mentoring radiowy) w Baobabie, przy ul. Krakowskie Przedmie\u015bcie 39 B<\/p>\n\n\n\n<p><img decoding=\"async\" height=\"16\" width=\"16\" alt=\"\ud83d\udccd\" src=\"https:\/\/static.xx.fbcdn.net\/images\/emoji.php\/v9\/t6b\/3\/16\/1f4cd.png\">&nbsp;Niedziela 27 pa\u017adziernika 2024, godz. 10:00-15:00 &#8211; praca nad w\u0142asnymi zdj\u0119ciami (mentoring fotograficzny) w Jazzymotion Studio przy ul. Jana Sawy 6<\/p>\n\n\n\n<p>Zapisy:&nbsp;<a href=\"https:\/\/l.facebook.com\/l.php?u=https%3A%2F%2Fforms.gle%2FMf4UTwjpqmcryPMr8%3Ffbclid%3DIwZXh0bgNhZW0CMTAAAR0S8dd2K2ffatzLGsLnBlZTduWKZfYepwUaOYH_9-2ifNvYOQI_maArqUM_aem_xbj17MFYPfvkVn-DccTEWw&amp;h=AT1lm9MMF8xs0adihlBioIC-tGCRXEhMd2aTQdrsIBLyPxyep4tf0Y6xms8adHvCXa-vse5n8WFrmm1UqJ0zMX8h07htTC0-RPkMWdLPEGEBySzy0OuZ5TaggCRPO5quVRsfVRzdP9uqs9iDuIeV&amp;__tn__=q&amp;c[0]=AT0W0MkCXwy7GM1S1PbPULy5ijhLqhQfNaPS5YJ1QWJ97lRk9BDEIJs-TqcREuWzbuS4FIbNljXlhPR3HxMbFXp-BktRT_H07MxdIRkZH0Npm2R6n6nW9ArzyXTSc--sFQGJdpmezFLTjGDGZWHRh-vS0hXm0XJ-clohLiwiFVuid5Sx8-xE\" rel=\"noreferrer noopener\" target=\"_blank\">https:\/\/forms.gle\/Mf4UTwjpqmcryPMr8<\/a><\/p>\n\n\n\n<p><img decoding=\"async\" height=\"16\" width=\"16\" alt=\"\u26a0\ufe0f\" src=\"https:\/\/static.xx.fbcdn.net\/images\/emoji.php\/v9\/tde\/3\/16\/26a0.png\">&nbsp;Limit: 15 miejsc. Udzia\u0142 w projekcie jest bezp\u0142atny. Na spotkania fotograficzne we\u017a ze sob\u0105 smartfona, a na radiowe &#8211; s\u0142uchawki przewodowe lub bezprzewodowe.<\/p>\n\n\n\n<p>Projekt jest realizowany ze \u015brodk\u00f3w Miasta Lublin w ramach Programu Dzielnice Kultury.<\/p>\n\n\n\n<p>Do zobaczenia!<\/p>\n","protected":false},"excerpt":{"rendered":"<p>Mieszkasz\/-\u0142e\u015b\/-a\u015b w dzielnicy Rury? Masz wspomnienia zwi\u0105zane z t\u0105 dzielnic\u0105? Zapraszamy Ci\u0119 do projektu \u201cKLIK w dzielnic\u0119 &#8211; Rury&#8221;. Nauczysz si\u0119 fotografii cyfrowej wykonywanej telefonem, a Twoje zdj\u0119cie b\u0119dzie mia\u0142o szans\u0119 pojawi\u0107 si\u0119 na wystawie. Wprowadzimy Ci\u0119 r\u00f3wnie\u017c w \u015bwiat d\u017awi\u0119ku, a za spraw\u0105 warsztat\u00f3w radiowych poznasz tajniki jego nagrywania &hellip;<\/p>\n","protected":false},"author":1,"featured_media":301,"comment_status":"closed","ping_status":"closed","sticky":false,"template":"","format":"standard","meta":{"footnotes":""},"categories":[1],"tags":[],"class_list":["post-300","post","type-post","status-publish","format-standard","has-post-thumbnail","hentry","category-non-classe"],"yoast_head":"<!-- This site is optimized with the Yoast SEO plugin v25.5 - https:\/\/yoast.com\/wordpress\/plugins\/seo\/ -->\n<title>&quot;KLIK w dzielnic\u0119 - RURY&quot; - ruszy\u0142 nab\u00f3r - Fundacja KLIK<\/title>\n<meta name=\"robots\" content=\"index, follow, max-snippet:-1, max-image-preview:large, max-video-preview:-1\" \/>\n<link rel=\"canonical\" href=\"https:\/\/fundacjaklik.pl\/index.php\/2024\/09\/10\/klik-w-dzielnice-rury-ruszyl-nabor\/\" \/>\n<meta property=\"og:locale\" content=\"pl_PL\" \/>\n<meta property=\"og:type\" content=\"article\" \/>\n<meta property=\"og:title\" content=\"&quot;KLIK w dzielnic\u0119 - RURY&quot; - ruszy\u0142 nab\u00f3r - Fundacja KLIK\" \/>\n<meta property=\"og:description\" content=\"Mieszkasz\/-\u0142e\u015b\/-a\u015b w dzielnicy Rury? Masz wspomnienia zwi\u0105zane z t\u0105 dzielnic\u0105? Zapraszamy Ci\u0119 do projektu \u201cKLIK w dzielnic\u0119 &#8211; Rury&#8221;. Nauczysz si\u0119 fotografii cyfrowej wykonywanej telefonem, a Twoje zdj\u0119cie b\u0119dzie mia\u0142o szans\u0119 pojawi\u0107 si\u0119 na wystawie. Wprowadzimy Ci\u0119 r\u00f3wnie\u017c w \u015bwiat d\u017awi\u0119ku, a za spraw\u0105 warsztat\u00f3w radiowych poznasz tajniki jego nagrywania &hellip;\" \/>\n<meta property=\"og:url\" content=\"https:\/\/fundacjaklik.pl\/index.php\/2024\/09\/10\/klik-w-dzielnice-rury-ruszyl-nabor\/\" \/>\n<meta property=\"og:site_name\" content=\"Fundacja KLIK\" \/>\n<meta property=\"article:published_time\" content=\"2024-09-10T11:43:50+00:00\" \/>\n<meta property=\"article:modified_time\" content=\"2024-09-10T11:43:52+00:00\" \/>\n<meta property=\"og:image\" content=\"https:\/\/fundacjaklik.pl\/wp-content\/uploads\/2024\/09\/Szablon-KLIK-1.png\" \/>\n\t<meta property=\"og:image:width\" content=\"1640\" \/>\n\t<meta property=\"og:image:height\" content=\"924\" \/>\n\t<meta property=\"og:image:type\" content=\"image\/png\" \/>\n<meta name=\"author\" content=\"admin7379\" \/>\n<meta name=\"twitter:card\" content=\"summary_large_image\" \/>\n<meta name=\"twitter:label1\" content=\"Napisane przez\" \/>\n\t<meta name=\"twitter:data1\" content=\"admin7379\" \/>\n\t<meta name=\"twitter:label2\" content=\"Szacowany czas czytania\" \/>\n\t<meta name=\"twitter:data2\" content=\"3 minuty\" \/>\n<script type=\"application\/ld+json\" class=\"yoast-schema-graph\">{\"@context\":\"https:\/\/schema.org\",\"@graph\":[{\"@type\":\"Article\",\"@id\":\"https:\/\/fundacjaklik.pl\/index.php\/2024\/09\/10\/klik-w-dzielnice-rury-ruszyl-nabor\/#article\",\"isPartOf\":{\"@id\":\"https:\/\/fundacjaklik.pl\/index.php\/2024\/09\/10\/klik-w-dzielnice-rury-ruszyl-nabor\/\"},\"author\":{\"name\":\"admin7379\",\"@id\":\"https:\/\/fundacjaklik.pl\/#\/schema\/person\/0bdb17db29f63d0dd2dacf8e6faee9a3\"},\"headline\":\"&#8220;KLIK w dzielnic\u0119 &#8211; RURY&#8221; &#8211; ruszy\u0142 nab\u00f3r\",\"datePublished\":\"2024-09-10T11:43:50+00:00\",\"dateModified\":\"2024-09-10T11:43:52+00:00\",\"mainEntityOfPage\":{\"@id\":\"https:\/\/fundacjaklik.pl\/index.php\/2024\/09\/10\/klik-w-dzielnice-rury-ruszyl-nabor\/\"},\"wordCount\":258,\"publisher\":{\"@id\":\"https:\/\/fundacjaklik.pl\/#organization\"},\"image\":{\"@id\":\"https:\/\/fundacjaklik.pl\/index.php\/2024\/09\/10\/klik-w-dzielnice-rury-ruszyl-nabor\/#primaryimage\"},\"thumbnailUrl\":\"https:\/\/fundacjaklik.pl\/wp-content\/uploads\/2024\/09\/Szablon-KLIK-1.png\",\"articleSection\":[\"Non class\u00e9\"],\"inLanguage\":\"pl-PL\"},{\"@type\":\"WebPage\",\"@id\":\"https:\/\/fundacjaklik.pl\/index.php\/2024\/09\/10\/klik-w-dzielnice-rury-ruszyl-nabor\/\",\"url\":\"https:\/\/fundacjaklik.pl\/index.php\/2024\/09\/10\/klik-w-dzielnice-rury-ruszyl-nabor\/\",\"name\":\"\\\"KLIK w dzielnic\u0119 - RURY\\\" - ruszy\u0142 nab\u00f3r - Fundacja KLIK\",\"isPartOf\":{\"@id\":\"https:\/\/fundacjaklik.pl\/#website\"},\"primaryImageOfPage\":{\"@id\":\"https:\/\/fundacjaklik.pl\/index.php\/2024\/09\/10\/klik-w-dzielnice-rury-ruszyl-nabor\/#primaryimage\"},\"image\":{\"@id\":\"https:\/\/fundacjaklik.pl\/index.php\/2024\/09\/10\/klik-w-dzielnice-rury-ruszyl-nabor\/#primaryimage\"},\"thumbnailUrl\":\"https:\/\/fundacjaklik.pl\/wp-content\/uploads\/2024\/09\/Szablon-KLIK-1.png\",\"datePublished\":\"2024-09-10T11:43:50+00:00\",\"dateModified\":\"2024-09-10T11:43:52+00:00\",\"breadcrumb\":{\"@id\":\"https:\/\/fundacjaklik.pl\/index.php\/2024\/09\/10\/klik-w-dzielnice-rury-ruszyl-nabor\/#breadcrumb\"},\"inLanguage\":\"pl-PL\",\"potentialAction\":[{\"@type\":\"ReadAction\",\"target\":[\"https:\/\/fundacjaklik.pl\/index.php\/2024\/09\/10\/klik-w-dzielnice-rury-ruszyl-nabor\/\"]}]},{\"@type\":\"ImageObject\",\"inLanguage\":\"pl-PL\",\"@id\":\"https:\/\/fundacjaklik.pl\/index.php\/2024\/09\/10\/klik-w-dzielnice-rury-ruszyl-nabor\/#primaryimage\",\"url\":\"https:\/\/fundacjaklik.pl\/wp-content\/uploads\/2024\/09\/Szablon-KLIK-1.png\",\"contentUrl\":\"https:\/\/fundacjaklik.pl\/wp-content\/uploads\/2024\/09\/Szablon-KLIK-1.png\",\"width\":1640,\"height\":924},{\"@type\":\"BreadcrumbList\",\"@id\":\"https:\/\/fundacjaklik.pl\/index.php\/2024\/09\/10\/klik-w-dzielnice-rury-ruszyl-nabor\/#breadcrumb\",\"itemListElement\":[{\"@type\":\"ListItem\",\"position\":1,\"name\":\"Strona g\u0142\u00f3wna\",\"item\":\"https:\/\/fundacjaklik.pl\/\"},{\"@type\":\"ListItem\",\"position\":2,\"name\":\"&#8220;KLIK w dzielnic\u0119 &#8211; RURY&#8221; &#8211; ruszy\u0142 nab\u00f3r\"}]},{\"@type\":\"WebSite\",\"@id\":\"https:\/\/fundacjaklik.pl\/#website\",\"url\":\"https:\/\/fundacjaklik.pl\/\",\"name\":\"Fundacja KLIK\",\"description\":\"Fundacja KLIK tworzy przestrze\u0144 dla os\u00f3b chc\u0105cych rozwija\u0107 si\u0119 w r\u00f3\u017cnych dziedzinach kultury, dzia\u0142alno\u015bci artystycznej i edukacji.\",\"publisher\":{\"@id\":\"https:\/\/fundacjaklik.pl\/#organization\"},\"potentialAction\":[{\"@type\":\"SearchAction\",\"target\":{\"@type\":\"EntryPoint\",\"urlTemplate\":\"https:\/\/fundacjaklik.pl\/?s={search_term_string}\"},\"query-input\":{\"@type\":\"PropertyValueSpecification\",\"valueRequired\":true,\"valueName\":\"search_term_string\"}}],\"inLanguage\":\"pl-PL\"},{\"@type\":\"Organization\",\"@id\":\"https:\/\/fundacjaklik.pl\/#organization\",\"name\":\"Fundacja KLIK\",\"url\":\"https:\/\/fundacjaklik.pl\/\",\"logo\":{\"@type\":\"ImageObject\",\"inLanguage\":\"pl-PL\",\"@id\":\"https:\/\/fundacjaklik.pl\/#\/schema\/logo\/image\/\",\"url\":\"https:\/\/fundacjaklik.pl\/wp-content\/uploads\/2023\/10\/cropped-Projekt-bez-nazwy.png\",\"contentUrl\":\"https:\/\/fundacjaklik.pl\/wp-content\/uploads\/2023\/10\/cropped-Projekt-bez-nazwy.png\",\"width\":384,\"height\":264,\"caption\":\"Fundacja KLIK\"},\"image\":{\"@id\":\"https:\/\/fundacjaklik.pl\/#\/schema\/logo\/image\/\"}},{\"@type\":\"Person\",\"@id\":\"https:\/\/fundacjaklik.pl\/#\/schema\/person\/0bdb17db29f63d0dd2dacf8e6faee9a3\",\"name\":\"admin7379\",\"sameAs\":[\"http:\/\/fundacjaklik.pl\"],\"url\":\"https:\/\/fundacjaklik.pl\/index.php\/author\/admin7379\/\"}]}<\/script>\n<!-- \/ Yoast SEO plugin. -->","yoast_head_json":{"title":"\"KLIK w dzielnic\u0119 - RURY\" - ruszy\u0142 nab\u00f3r - Fundacja KLIK","robots":{"index":"index","follow":"follow","max-snippet":"max-snippet:-1","max-image-preview":"max-image-preview:large","max-video-preview":"max-video-preview:-1"},"canonical":"https:\/\/fundacjaklik.pl\/index.php\/2024\/09\/10\/klik-w-dzielnice-rury-ruszyl-nabor\/","og_locale":"pl_PL","og_type":"article","og_title":"\"KLIK w dzielnic\u0119 - RURY\" - ruszy\u0142 nab\u00f3r - Fundacja KLIK","og_description":"Mieszkasz\/-\u0142e\u015b\/-a\u015b w dzielnicy Rury? Masz wspomnienia zwi\u0105zane z t\u0105 dzielnic\u0105? Zapraszamy Ci\u0119 do projektu \u201cKLIK w dzielnic\u0119 &#8211; Rury&#8221;. Nauczysz si\u0119 fotografii cyfrowej wykonywanej telefonem, a Twoje zdj\u0119cie b\u0119dzie mia\u0142o szans\u0119 pojawi\u0107 si\u0119 na wystawie. Wprowadzimy Ci\u0119 r\u00f3wnie\u017c w \u015bwiat d\u017awi\u0119ku, a za spraw\u0105 warsztat\u00f3w radiowych poznasz tajniki jego nagrywania &hellip;","og_url":"https:\/\/fundacjaklik.pl\/index.php\/2024\/09\/10\/klik-w-dzielnice-rury-ruszyl-nabor\/","og_site_name":"Fundacja KLIK","article_published_time":"2024-09-10T11:43:50+00:00","article_modified_time":"2024-09-10T11:43:52+00:00","og_image":[{"width":1640,"height":924,"url":"https:\/\/fundacjaklik.pl\/wp-content\/uploads\/2024\/09\/Szablon-KLIK-1.png","type":"image\/png"}],"author":"admin7379","twitter_card":"summary_large_image","twitter_misc":{"Napisane przez":"admin7379","Szacowany czas czytania":"3 minuty"},"schema":{"@context":"https:\/\/schema.org","@graph":[{"@type":"Article","@id":"https:\/\/fundacjaklik.pl\/index.php\/2024\/09\/10\/klik-w-dzielnice-rury-ruszyl-nabor\/#article","isPartOf":{"@id":"https:\/\/fundacjaklik.pl\/index.php\/2024\/09\/10\/klik-w-dzielnice-rury-ruszyl-nabor\/"},"author":{"name":"admin7379","@id":"https:\/\/fundacjaklik.pl\/#\/schema\/person\/0bdb17db29f63d0dd2dacf8e6faee9a3"},"headline":"&#8220;KLIK w dzielnic\u0119 &#8211; RURY&#8221; &#8211; ruszy\u0142 nab\u00f3r","datePublished":"2024-09-10T11:43:50+00:00","dateModified":"2024-09-10T11:43:52+00:00","mainEntityOfPage":{"@id":"https:\/\/fundacjaklik.pl\/index.php\/2024\/09\/10\/klik-w-dzielnice-rury-ruszyl-nabor\/"},"wordCount":258,"publisher":{"@id":"https:\/\/fundacjaklik.pl\/#organization"},"image":{"@id":"https:\/\/fundacjaklik.pl\/index.php\/2024\/09\/10\/klik-w-dzielnice-rury-ruszyl-nabor\/#primaryimage"},"thumbnailUrl":"https:\/\/fundacjaklik.pl\/wp-content\/uploads\/2024\/09\/Szablon-KLIK-1.png","articleSection":["Non class\u00e9"],"inLanguage":"pl-PL"},{"@type":"WebPage","@id":"https:\/\/fundacjaklik.pl\/index.php\/2024\/09\/10\/klik-w-dzielnice-rury-ruszyl-nabor\/","url":"https:\/\/fundacjaklik.pl\/index.php\/2024\/09\/10\/klik-w-dzielnice-rury-ruszyl-nabor\/","name":"\"KLIK w dzielnic\u0119 - RURY\" - ruszy\u0142 nab\u00f3r - Fundacja KLIK","isPartOf":{"@id":"https:\/\/fundacjaklik.pl\/#website"},"primaryImageOfPage":{"@id":"https:\/\/fundacjaklik.pl\/index.php\/2024\/09\/10\/klik-w-dzielnice-rury-ruszyl-nabor\/#primaryimage"},"image":{"@id":"https:\/\/fundacjaklik.pl\/index.php\/2024\/09\/10\/klik-w-dzielnice-rury-ruszyl-nabor\/#primaryimage"},"thumbnailUrl":"https:\/\/fundacjaklik.pl\/wp-content\/uploads\/2024\/09\/Szablon-KLIK-1.png","datePublished":"2024-09-10T11:43:50+00:00","dateModified":"2024-09-10T11:43:52+00:00","breadcrumb":{"@id":"https:\/\/fundacjaklik.pl\/index.php\/2024\/09\/10\/klik-w-dzielnice-rury-ruszyl-nabor\/#breadcrumb"},"inLanguage":"pl-PL","potentialAction":[{"@type":"ReadAction","target":["https:\/\/fundacjaklik.pl\/index.php\/2024\/09\/10\/klik-w-dzielnice-rury-ruszyl-nabor\/"]}]},{"@type":"ImageObject","inLanguage":"pl-PL","@id":"https:\/\/fundacjaklik.pl\/index.php\/2024\/09\/10\/klik-w-dzielnice-rury-ruszyl-nabor\/#primaryimage","url":"https:\/\/fundacjaklik.pl\/wp-content\/uploads\/2024\/09\/Szablon-KLIK-1.png","contentUrl":"https:\/\/fundacjaklik.pl\/wp-content\/uploads\/2024\/09\/Szablon-KLIK-1.png","width":1640,"height":924},{"@type":"BreadcrumbList","@id":"https:\/\/fundacjaklik.pl\/index.php\/2024\/09\/10\/klik-w-dzielnice-rury-ruszyl-nabor\/#breadcrumb","itemListElement":[{"@type":"ListItem","position":1,"name":"Strona g\u0142\u00f3wna","item":"https:\/\/fundacjaklik.pl\/"},{"@type":"ListItem","position":2,"name":"&#8220;KLIK w dzielnic\u0119 &#8211; RURY&#8221; &#8211; ruszy\u0142 nab\u00f3r"}]},{"@type":"WebSite","@id":"https:\/\/fundacjaklik.pl\/#website","url":"https:\/\/fundacjaklik.pl\/","name":"Fundacja KLIK","description":"Fundacja KLIK tworzy przestrze\u0144 dla os\u00f3b chc\u0105cych rozwija\u0107 si\u0119 w r\u00f3\u017cnych dziedzinach kultury, dzia\u0142alno\u015bci artystycznej i edukacji.","publisher":{"@id":"https:\/\/fundacjaklik.pl\/#organization"},"potentialAction":[{"@type":"SearchAction","target":{"@type":"EntryPoint","urlTemplate":"https:\/\/fundacjaklik.pl\/?s={search_term_string}"},"query-input":{"@type":"PropertyValueSpecification","valueRequired":true,"valueName":"search_term_string"}}],"inLanguage":"pl-PL"},{"@type":"Organization","@id":"https:\/\/fundacjaklik.pl\/#organization","name":"Fundacja KLIK","url":"https:\/\/fundacjaklik.pl\/","logo":{"@type":"ImageObject","inLanguage":"pl-PL","@id":"https:\/\/fundacjaklik.pl\/#\/schema\/logo\/image\/","url":"https:\/\/fundacjaklik.pl\/wp-content\/uploads\/2023\/10\/cropped-Projekt-bez-nazwy.png","contentUrl":"https:\/\/fundacjaklik.pl\/wp-content\/uploads\/2023\/10\/cropped-Projekt-bez-nazwy.png","width":384,"height":264,"caption":"Fundacja KLIK"},"image":{"@id":"https:\/\/fundacjaklik.pl\/#\/schema\/logo\/image\/"}},{"@type":"Person","@id":"https:\/\/fundacjaklik.pl\/#\/schema\/person\/0bdb17db29f63d0dd2dacf8e6faee9a3","name":"admin7379","sameAs":["http:\/\/fundacjaklik.pl"],"url":"https:\/\/fundacjaklik.pl\/index.php\/author\/admin7379\/"}]}},"_links":{"self":[{"href":"https:\/\/fundacjaklik.pl\/index.php\/wp-json\/wp\/v2\/posts\/300","targetHints":{"allow":["GET"]}}],"collection":[{"href":"https:\/\/fundacjaklik.pl\/index.php\/wp-json\/wp\/v2\/posts"}],"about":[{"href":"https:\/\/fundacjaklik.pl\/index.php\/wp-json\/wp\/v2\/types\/post"}],"author":[{"embeddable":true,"href":"https:\/\/fundacjaklik.pl\/index.php\/wp-json\/wp\/v2\/users\/1"}],"replies":[{"embeddable":true,"href":"https:\/\/fundacjaklik.pl\/index.php\/wp-json\/wp\/v2\/comments?post=300"}],"version-history":[{"count":1,"href":"https:\/\/fundacjaklik.pl\/index.php\/wp-json\/wp\/v2\/posts\/300\/revisions"}],"predecessor-version":[{"id":302,"href":"https:\/\/fundacjaklik.pl\/index.php\/wp-json\/wp\/v2\/posts\/300\/revisions\/302"}],"wp:featuredmedia":[{"embeddable":true,"href":"https:\/\/fundacjaklik.pl\/index.php\/wp-json\/wp\/v2\/media\/301"}],"wp:attachment":[{"href":"https:\/\/fundacjaklik.pl\/index.php\/wp-json\/wp\/v2\/media?parent=300"}],"wp:term":[{"taxonomy":"category","embeddable":true,"href":"https:\/\/fundacjaklik.pl\/index.php\/wp-json\/wp\/v2\/categories?post=300"},{"taxonomy":"post_tag","embeddable":true,"href":"https:\/\/fundacjaklik.pl\/index.php\/wp-json\/wp\/v2\/tags?post=300"}],"curies":[{"name":"wp","href":"https:\/\/api.w.org\/{rel}","templated":true}]}}