{"id":1,"date":"2023-09-12T23:51:39","date_gmt":"2023-09-12T21:51:39","guid":{"rendered":"http:\/\/fundacjaklik.pl\/?p=1"},"modified":"2025-07-24T14:38:33","modified_gmt":"2025-07-24T12:38:33","slug":"bonjour-tout-le-monde","status":"publish","type":"post","link":"https:\/\/fundacjaklik.pl\/index.php\/2023\/09\/12\/bonjour-tout-le-monde\/","title":{"rendered":"Co u nas KLIKa?"},"content":{"rendered":"\n<p>Dawno, dawno temu, za g\u00f3rami, za lasami&#8230;, a w\u0142a\u015bciwie 10 lat temu w Lublinie, spotka\u0142y si\u0119 dwie Agnieszki, mi\u0119dzy kt\u00f3rymi KLIKn\u0119\u0142o i postanowi\u0142y dzia\u0142a\u0107. Pozna\u0142y\u015bmy si\u0119 w Warsztatach Kultury, kt\u00f3re organizowa\u0142y wtedy kolejn\u0105 edycj\u0119 programu Wolontariusz Kultury. Razem jeszcze z dwiema osobami (pozdrawiamy Patrycj\u0119 i Ani\u0119!) stworzy\u0142y\u015bmy warsztaty Lublin Ta\u0144czy. By\u0142y to bezp\u0142atne zaj\u0119cia taneczne dla r\u00f3\u017cnych grup odbiorc\u00f3w. P\u00f3\u017aniej \u017cycie wymusi\u0142o przerw\u0119. Po 10 latach latach od poznania nadal chcemy wsp\u00f3lnie dzia\u0142a\u0107, wi\u0119c za\u0142o\u017cy\u0142y\u015bmy Fundacj\u0119 KLIK.<\/p>\n\n\n\n<p>Fundacja to dla nas przestrze\u0144 rozwoju i dzia\u0142a\u0144 kreatywnych. Planujemy anga\u017cowa\u0107 inne osoby w projekty, dzi\u0119ki kt\u00f3rym b\u0119d\u0105 oni aktywnymi uczestnikami kultury. W ramach dzia\u0142a\u0144 Fundacji prowadzone b\u0119d\u0105 m.in. szkolenia, warsztaty, spektakle i spotkania kulturalne. <\/p>\n\n\n\n<p>Zapraszamy do obserwowania naszych medi\u00f3w spo\u0142eczno\u015bciowych. Ju\u017c wkr\u00f3tce info o pierwszych projektach. <\/p>\n\n\n\n<p>No to KLIK!<\/p>\n","protected":false},"excerpt":{"rendered":"<p>Dawno, dawno temu, za g\u00f3rami, za lasami&#8230;, a w\u0142a\u015bciwie 10 lat temu w Lublinie, spotka\u0142y si\u0119 dwie Agnieszki, mi\u0119dzy kt\u00f3rymi KLIKn\u0119\u0142o i postanowi\u0142y dzia\u0142a\u0107. Pozna\u0142y\u015bmy si\u0119 w Warsztatach Kultury, kt\u00f3re organizowa\u0142y wtedy kolejn\u0105 edycj\u0119 programu Wolontariusz Kultury. Razem jeszcze z dwiema osobami (pozdrawiamy Patrycj\u0119 i Ani\u0119!) stworzy\u0142y\u015bmy warsztaty Lublin Ta\u0144czy. &hellip;<\/p>\n","protected":false},"author":1,"featured_media":6,"comment_status":"closed","ping_status":"closed","sticky":false,"template":"","format":"standard","meta":{"footnotes":""},"categories":[1],"tags":[],"class_list":["post-1","post","type-post","status-publish","format-standard","has-post-thumbnail","hentry","category-non-classe"],"yoast_head":"<!-- This site is optimized with the Yoast SEO plugin v25.5 - https:\/\/yoast.com\/wordpress\/plugins\/seo\/ -->\n<title>Co u nas KLIKa? - Fundacja KLIK<\/title>\n<meta name=\"robots\" content=\"index, follow, max-snippet:-1, max-image-preview:large, max-video-preview:-1\" \/>\n<link rel=\"canonical\" href=\"https:\/\/fundacjaklik.pl\/index.php\/2023\/09\/12\/bonjour-tout-le-monde\/\" \/>\n<meta property=\"og:locale\" content=\"pl_PL\" \/>\n<meta property=\"og:type\" content=\"article\" \/>\n<meta property=\"og:title\" content=\"Co u nas KLIKa? - Fundacja KLIK\" \/>\n<meta property=\"og:description\" content=\"Dawno, dawno temu, za g\u00f3rami, za lasami&#8230;, a w\u0142a\u015bciwie 10 lat temu w Lublinie, spotka\u0142y si\u0119 dwie Agnieszki, mi\u0119dzy kt\u00f3rymi KLIKn\u0119\u0142o i postanowi\u0142y dzia\u0142a\u0107. Pozna\u0142y\u015bmy si\u0119 w Warsztatach Kultury, kt\u00f3re organizowa\u0142y wtedy kolejn\u0105 edycj\u0119 programu Wolontariusz Kultury. Razem jeszcze z dwiema osobami (pozdrawiamy Patrycj\u0119 i Ani\u0119!) stworzy\u0142y\u015bmy warsztaty Lublin Ta\u0144czy. &hellip;\" \/>\n<meta property=\"og:url\" content=\"https:\/\/fundacjaklik.pl\/index.php\/2023\/09\/12\/bonjour-tout-le-monde\/\" \/>\n<meta property=\"og:site_name\" content=\"Fundacja KLIK\" \/>\n<meta property=\"article:published_time\" content=\"2023-09-12T21:51:39+00:00\" \/>\n<meta property=\"article:modified_time\" content=\"2025-07-24T12:38:33+00:00\" \/>\n<meta property=\"og:image\" content=\"https:\/\/fundacjaklik.pl\/wp-content\/uploads\/2023\/09\/logo-f-klik.png\" \/>\n\t<meta property=\"og:image:width\" content=\"4961\" \/>\n\t<meta property=\"og:image:height\" content=\"3508\" \/>\n\t<meta property=\"og:image:type\" content=\"image\/png\" \/>\n<meta name=\"author\" content=\"admin7379\" \/>\n<meta name=\"twitter:card\" content=\"summary_large_image\" \/>\n<meta name=\"twitter:label1\" content=\"Napisane przez\" \/>\n\t<meta name=\"twitter:data1\" content=\"admin7379\" \/>\n\t<meta name=\"twitter:label2\" content=\"Szacowany czas czytania\" \/>\n\t<meta name=\"twitter:data2\" content=\"1 minuta\" \/>\n<script type=\"application\/ld+json\" class=\"yoast-schema-graph\">{\"@context\":\"https:\/\/schema.org\",\"@graph\":[{\"@type\":\"Article\",\"@id\":\"https:\/\/fundacjaklik.pl\/index.php\/2023\/09\/12\/bonjour-tout-le-monde\/#article\",\"isPartOf\":{\"@id\":\"https:\/\/fundacjaklik.pl\/index.php\/2023\/09\/12\/bonjour-tout-le-monde\/\"},\"author\":{\"name\":\"admin7379\",\"@id\":\"https:\/\/fundacjaklik.pl\/#\/schema\/person\/0bdb17db29f63d0dd2dacf8e6faee9a3\"},\"headline\":\"Co u nas KLIKa?\",\"datePublished\":\"2023-09-12T21:51:39+00:00\",\"dateModified\":\"2025-07-24T12:38:33+00:00\",\"mainEntityOfPage\":{\"@id\":\"https:\/\/fundacjaklik.pl\/index.php\/2023\/09\/12\/bonjour-tout-le-monde\/\"},\"wordCount\":171,\"publisher\":{\"@id\":\"https:\/\/fundacjaklik.pl\/#organization\"},\"image\":{\"@id\":\"https:\/\/fundacjaklik.pl\/index.php\/2023\/09\/12\/bonjour-tout-le-monde\/#primaryimage\"},\"thumbnailUrl\":\"https:\/\/fundacjaklik.pl\/wp-content\/uploads\/2023\/09\/logo-f-klik.png\",\"articleSection\":[\"Non class\u00e9\"],\"inLanguage\":\"pl-PL\"},{\"@type\":\"WebPage\",\"@id\":\"https:\/\/fundacjaklik.pl\/index.php\/2023\/09\/12\/bonjour-tout-le-monde\/\",\"url\":\"https:\/\/fundacjaklik.pl\/index.php\/2023\/09\/12\/bonjour-tout-le-monde\/\",\"name\":\"Co u nas KLIKa? - Fundacja KLIK\",\"isPartOf\":{\"@id\":\"https:\/\/fundacjaklik.pl\/#website\"},\"primaryImageOfPage\":{\"@id\":\"https:\/\/fundacjaklik.pl\/index.php\/2023\/09\/12\/bonjour-tout-le-monde\/#primaryimage\"},\"image\":{\"@id\":\"https:\/\/fundacjaklik.pl\/index.php\/2023\/09\/12\/bonjour-tout-le-monde\/#primaryimage\"},\"thumbnailUrl\":\"https:\/\/fundacjaklik.pl\/wp-content\/uploads\/2023\/09\/logo-f-klik.png\",\"datePublished\":\"2023-09-12T21:51:39+00:00\",\"dateModified\":\"2025-07-24T12:38:33+00:00\",\"breadcrumb\":{\"@id\":\"https:\/\/fundacjaklik.pl\/index.php\/2023\/09\/12\/bonjour-tout-le-monde\/#breadcrumb\"},\"inLanguage\":\"pl-PL\",\"potentialAction\":[{\"@type\":\"ReadAction\",\"target\":[\"https:\/\/fundacjaklik.pl\/index.php\/2023\/09\/12\/bonjour-tout-le-monde\/\"]}]},{\"@type\":\"ImageObject\",\"inLanguage\":\"pl-PL\",\"@id\":\"https:\/\/fundacjaklik.pl\/index.php\/2023\/09\/12\/bonjour-tout-le-monde\/#primaryimage\",\"url\":\"https:\/\/fundacjaklik.pl\/wp-content\/uploads\/2023\/09\/logo-f-klik.png\",\"contentUrl\":\"https:\/\/fundacjaklik.pl\/wp-content\/uploads\/2023\/09\/logo-f-klik.png\",\"width\":4961,\"height\":3508},{\"@type\":\"BreadcrumbList\",\"@id\":\"https:\/\/fundacjaklik.pl\/index.php\/2023\/09\/12\/bonjour-tout-le-monde\/#breadcrumb\",\"itemListElement\":[{\"@type\":\"ListItem\",\"position\":1,\"name\":\"Strona g\u0142\u00f3wna\",\"item\":\"https:\/\/fundacjaklik.pl\/\"},{\"@type\":\"ListItem\",\"position\":2,\"name\":\"Co u nas KLIKa?\"}]},{\"@type\":\"WebSite\",\"@id\":\"https:\/\/fundacjaklik.pl\/#website\",\"url\":\"https:\/\/fundacjaklik.pl\/\",\"name\":\"Fundacja KLIK\",\"description\":\"Fundacja KLIK tworzy przestrze\u0144 dla os\u00f3b chc\u0105cych rozwija\u0107 si\u0119 w r\u00f3\u017cnych dziedzinach kultury, dzia\u0142alno\u015bci artystycznej i edukacji.\",\"publisher\":{\"@id\":\"https:\/\/fundacjaklik.pl\/#organization\"},\"potentialAction\":[{\"@type\":\"SearchAction\",\"target\":{\"@type\":\"EntryPoint\",\"urlTemplate\":\"https:\/\/fundacjaklik.pl\/?s={search_term_string}\"},\"query-input\":{\"@type\":\"PropertyValueSpecification\",\"valueRequired\":true,\"valueName\":\"search_term_string\"}}],\"inLanguage\":\"pl-PL\"},{\"@type\":\"Organization\",\"@id\":\"https:\/\/fundacjaklik.pl\/#organization\",\"name\":\"Fundacja KLIK\",\"url\":\"https:\/\/fundacjaklik.pl\/\",\"logo\":{\"@type\":\"ImageObject\",\"inLanguage\":\"pl-PL\",\"@id\":\"https:\/\/fundacjaklik.pl\/#\/schema\/logo\/image\/\",\"url\":\"https:\/\/fundacjaklik.pl\/wp-content\/uploads\/2023\/10\/cropped-Projekt-bez-nazwy.png\",\"contentUrl\":\"https:\/\/fundacjaklik.pl\/wp-content\/uploads\/2023\/10\/cropped-Projekt-bez-nazwy.png\",\"width\":384,\"height\":264,\"caption\":\"Fundacja KLIK\"},\"image\":{\"@id\":\"https:\/\/fundacjaklik.pl\/#\/schema\/logo\/image\/\"}},{\"@type\":\"Person\",\"@id\":\"https:\/\/fundacjaklik.pl\/#\/schema\/person\/0bdb17db29f63d0dd2dacf8e6faee9a3\",\"name\":\"admin7379\",\"sameAs\":[\"http:\/\/fundacjaklik.pl\"],\"url\":\"https:\/\/fundacjaklik.pl\/index.php\/author\/admin7379\/\"}]}<\/script>\n<!-- \/ Yoast SEO plugin. -->","yoast_head_json":{"title":"Co u nas KLIKa? - Fundacja KLIK","robots":{"index":"index","follow":"follow","max-snippet":"max-snippet:-1","max-image-preview":"max-image-preview:large","max-video-preview":"max-video-preview:-1"},"canonical":"https:\/\/fundacjaklik.pl\/index.php\/2023\/09\/12\/bonjour-tout-le-monde\/","og_locale":"pl_PL","og_type":"article","og_title":"Co u nas KLIKa? - Fundacja KLIK","og_description":"Dawno, dawno temu, za g\u00f3rami, za lasami&#8230;, a w\u0142a\u015bciwie 10 lat temu w Lublinie, spotka\u0142y si\u0119 dwie Agnieszki, mi\u0119dzy kt\u00f3rymi KLIKn\u0119\u0142o i postanowi\u0142y dzia\u0142a\u0107. Pozna\u0142y\u015bmy si\u0119 w Warsztatach Kultury, kt\u00f3re organizowa\u0142y wtedy kolejn\u0105 edycj\u0119 programu Wolontariusz Kultury. Razem jeszcze z dwiema osobami (pozdrawiamy Patrycj\u0119 i Ani\u0119!) stworzy\u0142y\u015bmy warsztaty Lublin Ta\u0144czy. &hellip;","og_url":"https:\/\/fundacjaklik.pl\/index.php\/2023\/09\/12\/bonjour-tout-le-monde\/","og_site_name":"Fundacja KLIK","article_published_time":"2023-09-12T21:51:39+00:00","article_modified_time":"2025-07-24T12:38:33+00:00","og_image":[{"width":4961,"height":3508,"url":"https:\/\/fundacjaklik.pl\/wp-content\/uploads\/2023\/09\/logo-f-klik.png","type":"image\/png"}],"author":"admin7379","twitter_card":"summary_large_image","twitter_misc":{"Napisane przez":"admin7379","Szacowany czas czytania":"1 minuta"},"schema":{"@context":"https:\/\/schema.org","@graph":[{"@type":"Article","@id":"https:\/\/fundacjaklik.pl\/index.php\/2023\/09\/12\/bonjour-tout-le-monde\/#article","isPartOf":{"@id":"https:\/\/fundacjaklik.pl\/index.php\/2023\/09\/12\/bonjour-tout-le-monde\/"},"author":{"name":"admin7379","@id":"https:\/\/fundacjaklik.pl\/#\/schema\/person\/0bdb17db29f63d0dd2dacf8e6faee9a3"},"headline":"Co u nas KLIKa?","datePublished":"2023-09-12T21:51:39+00:00","dateModified":"2025-07-24T12:38:33+00:00","mainEntityOfPage":{"@id":"https:\/\/fundacjaklik.pl\/index.php\/2023\/09\/12\/bonjour-tout-le-monde\/"},"wordCount":171,"publisher":{"@id":"https:\/\/fundacjaklik.pl\/#organization"},"image":{"@id":"https:\/\/fundacjaklik.pl\/index.php\/2023\/09\/12\/bonjour-tout-le-monde\/#primaryimage"},"thumbnailUrl":"https:\/\/fundacjaklik.pl\/wp-content\/uploads\/2023\/09\/logo-f-klik.png","articleSection":["Non class\u00e9"],"inLanguage":"pl-PL"},{"@type":"WebPage","@id":"https:\/\/fundacjaklik.pl\/index.php\/2023\/09\/12\/bonjour-tout-le-monde\/","url":"https:\/\/fundacjaklik.pl\/index.php\/2023\/09\/12\/bonjour-tout-le-monde\/","name":"Co u nas KLIKa? - Fundacja KLIK","isPartOf":{"@id":"https:\/\/fundacjaklik.pl\/#website"},"primaryImageOfPage":{"@id":"https:\/\/fundacjaklik.pl\/index.php\/2023\/09\/12\/bonjour-tout-le-monde\/#primaryimage"},"image":{"@id":"https:\/\/fundacjaklik.pl\/index.php\/2023\/09\/12\/bonjour-tout-le-monde\/#primaryimage"},"thumbnailUrl":"https:\/\/fundacjaklik.pl\/wp-content\/uploads\/2023\/09\/logo-f-klik.png","datePublished":"2023-09-12T21:51:39+00:00","dateModified":"2025-07-24T12:38:33+00:00","breadcrumb":{"@id":"https:\/\/fundacjaklik.pl\/index.php\/2023\/09\/12\/bonjour-tout-le-monde\/#breadcrumb"},"inLanguage":"pl-PL","potentialAction":[{"@type":"ReadAction","target":["https:\/\/fundacjaklik.pl\/index.php\/2023\/09\/12\/bonjour-tout-le-monde\/"]}]},{"@type":"ImageObject","inLanguage":"pl-PL","@id":"https:\/\/fundacjaklik.pl\/index.php\/2023\/09\/12\/bonjour-tout-le-monde\/#primaryimage","url":"https:\/\/fundacjaklik.pl\/wp-content\/uploads\/2023\/09\/logo-f-klik.png","contentUrl":"https:\/\/fundacjaklik.pl\/wp-content\/uploads\/2023\/09\/logo-f-klik.png","width":4961,"height":3508},{"@type":"BreadcrumbList","@id":"https:\/\/fundacjaklik.pl\/index.php\/2023\/09\/12\/bonjour-tout-le-monde\/#breadcrumb","itemListElement":[{"@type":"ListItem","position":1,"name":"Strona g\u0142\u00f3wna","item":"https:\/\/fundacjaklik.pl\/"},{"@type":"ListItem","position":2,"name":"Co u nas KLIKa?"}]},{"@type":"WebSite","@id":"https:\/\/fundacjaklik.pl\/#website","url":"https:\/\/fundacjaklik.pl\/","name":"Fundacja KLIK","description":"Fundacja KLIK tworzy przestrze\u0144 dla os\u00f3b chc\u0105cych rozwija\u0107 si\u0119 w r\u00f3\u017cnych dziedzinach kultury, dzia\u0142alno\u015bci artystycznej i edukacji.","publisher":{"@id":"https:\/\/fundacjaklik.pl\/#organization"},"potentialAction":[{"@type":"SearchAction","target":{"@type":"EntryPoint","urlTemplate":"https:\/\/fundacjaklik.pl\/?s={search_term_string}"},"query-input":{"@type":"PropertyValueSpecification","valueRequired":true,"valueName":"search_term_string"}}],"inLanguage":"pl-PL"},{"@type":"Organization","@id":"https:\/\/fundacjaklik.pl\/#organization","name":"Fundacja KLIK","url":"https:\/\/fundacjaklik.pl\/","logo":{"@type":"ImageObject","inLanguage":"pl-PL","@id":"https:\/\/fundacjaklik.pl\/#\/schema\/logo\/image\/","url":"https:\/\/fundacjaklik.pl\/wp-content\/uploads\/2023\/10\/cropped-Projekt-bez-nazwy.png","contentUrl":"https:\/\/fundacjaklik.pl\/wp-content\/uploads\/2023\/10\/cropped-Projekt-bez-nazwy.png","width":384,"height":264,"caption":"Fundacja KLIK"},"image":{"@id":"https:\/\/fundacjaklik.pl\/#\/schema\/logo\/image\/"}},{"@type":"Person","@id":"https:\/\/fundacjaklik.pl\/#\/schema\/person\/0bdb17db29f63d0dd2dacf8e6faee9a3","name":"admin7379","sameAs":["http:\/\/fundacjaklik.pl"],"url":"https:\/\/fundacjaklik.pl\/index.php\/author\/admin7379\/"}]}},"_links":{"self":[{"href":"https:\/\/fundacjaklik.pl\/index.php\/wp-json\/wp\/v2\/posts\/1","targetHints":{"allow":["GET"]}}],"collection":[{"href":"https:\/\/fundacjaklik.pl\/index.php\/wp-json\/wp\/v2\/posts"}],"about":[{"href":"https:\/\/fundacjaklik.pl\/index.php\/wp-json\/wp\/v2\/types\/post"}],"author":[{"embeddable":true,"href":"https:\/\/fundacjaklik.pl\/index.php\/wp-json\/wp\/v2\/users\/1"}],"replies":[{"embeddable":true,"href":"https:\/\/fundacjaklik.pl\/index.php\/wp-json\/wp\/v2\/comments?post=1"}],"version-history":[{"count":4,"href":"https:\/\/fundacjaklik.pl\/index.php\/wp-json\/wp\/v2\/posts\/1\/revisions"}],"predecessor-version":[{"id":231,"href":"https:\/\/fundacjaklik.pl\/index.php\/wp-json\/wp\/v2\/posts\/1\/revisions\/231"}],"wp:featuredmedia":[{"embeddable":true,"href":"https:\/\/fundacjaklik.pl\/index.php\/wp-json\/wp\/v2\/media\/6"}],"wp:attachment":[{"href":"https:\/\/fundacjaklik.pl\/index.php\/wp-json\/wp\/v2\/media?parent=1"}],"wp:term":[{"taxonomy":"category","embeddable":true,"href":"https:\/\/fundacjaklik.pl\/index.php\/wp-json\/wp\/v2\/categories?post=1"},{"taxonomy":"post_tag","embeddable":true,"href":"https:\/\/fundacjaklik.pl\/index.php\/wp-json\/wp\/v2\/tags?post=1"}],"curies":[{"name":"wp","href":"https:\/\/api.w.org\/{rel}","templated":true}]}}